{"id":2358,"date":"2022-01-28T02:05:49","date_gmt":"2022-01-28T02:05:49","guid":{"rendered":"http:\/\/lahora.mx\/?p=2358"},"modified":"2022-01-28T02:05:49","modified_gmt":"2022-01-28T02:05:49","slug":"mexico-registra-49150-nuevos-contagios-y-495-muertes-notificadas-en-las-ultimas-24-horas-por-covid-19","status":"publish","type":"post","link":"https:\/\/lahora.mx\/index.php\/2022\/01\/28\/mexico-registra-49150-nuevos-contagios-y-495-muertes-notificadas-en-las-ultimas-24-horas-por-covid-19\/","title":{"rendered":"M\u00e9xico registra 49,150 nuevos contagios y 495 muertes notificadas en las \u00faltimas 24 horas por Covid-19"},"content":{"rendered":"<p>La cifra de\u00a0<strong>fallecimientos por Covid-19 en M\u00e9xico<\/strong>\u00a0ascendi\u00f3 este jueves a 304,803, luego de que la Secretar\u00eda de Salud\u00a0report\u00f3 495 nuevos decesos.<\/p>\n<p>Mientras que en las \u00faltimas 24 horas, la dependencia federal registr\u00f3 49,150 nuevos contagios, para llegar a un acumulado de 4 millones 828,446 casos confirmados desde que inici\u00f3 la pandemia en el pa\u00eds a finales de febrero de 2020.<\/p>\n<p>En el reporte t\u00e9cnico diario sobre el avance de la epidemia, se estiman 302,473 casos activos, es decir personas que han presentado s\u00edntomas del\u00a0<strong>coronavirus SARS-CoV-2<\/strong>\u00a0en los \u00faltimos 14 d\u00edas.<\/p>\n<p>En el marco de la cuarta ola de\u00a0<strong>contagios<\/strong><strong> de Covid-19<\/strong>\u00a0que enfrenta M\u00e9xico desde inicios de 2022, las entidades que han registrado la mayor tasa de casos activos por cada 100,000 habitantes son:<\/p>\n<ul>\n<li>Baja California Sur<\/li>\n<li>Ciudad de M\u00e9xico<\/li>\n<li>Colima<\/li>\n<li>Tabasco<\/li>\n<li>Nayarit<\/li>\n<li>Quer\u00e9taro<\/li>\n<li>San Luis Potos\u00ed<\/li>\n<li>Zacatecas<\/li>\n<li>Coahuila<\/li>\n<li>Yucat\u00e1n<\/li>\n<\/ul>\n<p>En cuanto a la capacidad hospitalaria para atender a pacientes con Covid-19, las autoridades federales detallaron que la ocupaci\u00f3n de camas con ventilador se mantiene en 28%; mientras que las camas generales tienen una ocupaci\u00f3n de 46%, un punto porcentual m\u00e1s que lo reportado ayer.<\/p>\n<blockquote class=\"twitter-tweet\">\n<p dir=\"ltr\" lang=\"es\">Comunicado T\u00e9cnico Diario <a href=\"https:\/\/twitter.com\/hashtag\/COVID19?src=hash&amp;ref_src=twsrc%5Etfw\">#COVID19<\/a> | 27 de enero de 2022<\/p>\n<p>\u27a1\ufe0f <a href=\"https:\/\/t.co\/55vCTQaqQe\">https:\/\/t.co\/55vCTQaqQe<\/a> <a href=\"https:\/\/t.co\/3S6DU9h0gi\">pic.twitter.com\/3S6DU9h0gi<\/a><\/p>\n<p>\u2014 SALUD M\u00e9xico (@SSalud_mx) <a href=\"https:\/\/twitter.com\/SSalud_mx\/status\/1486841465921753089?ref_src=twsrc%5Etfw\">January 27, 2022<\/a><\/p><\/blockquote>\n<p><script async src=\"https:\/\/platform.twitter.com\/widgets.js\" charset=\"utf-8\"><\/script><\/p>\n","protected":false},"excerpt":{"rendered":"<p>La cifra de\u00a0fallecimientos por Covid-19 en M\u00e9xico\u00a0ascendi\u00f3 este jueves a 304,803, luego de que la Secretar\u00eda de Salud\u00a0report\u00f3 495 nuevos decesos. Mientras que en las \u00faltimas 24 horas, la dependencia federal registr\u00f3 49,150 nuevos contagios, para llegar a un acumulado de 4 millones 828,446 casos confirmados desde que inici\u00f3 la pandemia en el pa\u00eds a [&hellip;]<\/p>\n","protected":false},"author":5,"featured_media":2359,"comment_status":"open","ping_status":"open","sticky":false,"template":"","format":"standard","meta":{"om_disable_all_campaigns":false,"_monsterinsights_skip_tracking":false,"_monsterinsights_sitenote_active":false,"_monsterinsights_sitenote_note":"","_monsterinsights_sitenote_category":0,"footnotes":""},"categories":[176],"tags":[],"class_list":["post-2358","post","type-post","status-publish","format-standard","has-post-thumbnail","hentry","category-nacional"],"amp_enabled":true,"_links":{"self":[{"href":"https:\/\/lahora.mx\/index.php\/wp-json\/wp\/v2\/posts\/2358","targetHints":{"allow":["GET"]}}],"collection":[{"href":"https:\/\/lahora.mx\/index.php\/wp-json\/wp\/v2\/posts"}],"about":[{"href":"https:\/\/lahora.mx\/index.php\/wp-json\/wp\/v2\/types\/post"}],"author":[{"embeddable":true,"href":"https:\/\/lahora.mx\/index.php\/wp-json\/wp\/v2\/users\/5"}],"replies":[{"embeddable":true,"href":"https:\/\/lahora.mx\/index.php\/wp-json\/wp\/v2\/comments?post=2358"}],"version-history":[{"count":1,"href":"https:\/\/lahora.mx\/index.php\/wp-json\/wp\/v2\/posts\/2358\/revisions"}],"predecessor-version":[{"id":2360,"href":"https:\/\/lahora.mx\/index.php\/wp-json\/wp\/v2\/posts\/2358\/revisions\/2360"}],"wp:featuredmedia":[{"embeddable":true,"href":"https:\/\/lahora.mx\/index.php\/wp-json\/wp\/v2\/media\/2359"}],"wp:attachment":[{"href":"https:\/\/lahora.mx\/index.php\/wp-json\/wp\/v2\/media?parent=2358"}],"wp:term":[{"taxonomy":"category","embeddable":true,"href":"https:\/\/lahora.mx\/index.php\/wp-json\/wp\/v2\/categories?post=2358"},{"taxonomy":"post_tag","embeddable":true,"href":"https:\/\/lahora.mx\/index.php\/wp-json\/wp\/v2\/tags?post=2358"}],"curies":[{"name":"wp","href":"https:\/\/api.w.org\/{rel}","templated":true}]}}