{"id":2343,"date":"2022-01-28T01:33:49","date_gmt":"2022-01-28T01:33:49","guid":{"rendered":"http:\/\/lahora.mx\/?p=2343"},"modified":"2022-01-28T01:33:49","modified_gmt":"2022-01-28T01:33:49","slug":"arresta-fgr-a-facundo-rosas-excomisionado-de-policia-federal-por-caso-rapido-y-furioso","status":"publish","type":"post","link":"https:\/\/lahora.mx\/index.php\/2022\/01\/28\/arresta-fgr-a-facundo-rosas-excomisionado-de-policia-federal-por-caso-rapido-y-furioso\/","title":{"rendered":"Arresta FGR a Facundo Rosas, excomisionado de Polic\u00eda Federal por caso \u2018R\u00e1pido y Furioso\u2019"},"content":{"rendered":"<p>Elementos de la Marina y agentes de la polic\u00eda federal ministerial de la FGR cumplimentaron este jueves una orden de aprehensi\u00f3n en contra de<strong>\u00a0Facundo Rosas Rosas<\/strong>, excomisionado de la Polic\u00eda Federal, por el caso de \u201cR\u00e1pido y Furioso\u201d.<\/p>\n<p>Pasadas las 2 de la tarde, el detenido fue trasladado hacia las instalaciones de la <strong>Fiscal\u00eda Especializada en Materia de Delincuencia Organizada<\/strong>. Esta ma\u00f1ana, la Secretar\u00eda de Seguridad Ciudadana de la Ciudad de M\u00e9xico detuvo a Facundo Rosas por\u00a0<strong>atropellar y causar la muerte de una mujer\u00a0<\/strong>en la colonia San \u00c1ngel, de la alcald\u00eda \u00c1lvaro Obreg\u00f3n.<\/p>\n<p>Al llegar al sitio, personal de la\u00a0Secretar\u00eda de Seguridad\u00a0entrevist\u00f3 a Facundo Rosas, quien cont\u00f3 que al transitar sobre la Avenida Insurgentes no se percat\u00f3 de que una mujer estaba en el punto, por lo que la arroll\u00f3.<\/p>\n<p>De acuerdo con investigaciones de la Fiscal\u00eda Especializada en Materia de Delincuencia Organizada (FEMDO) de la FGR, Facundo Rosas Rosas es probable responsable de haber participado en un <strong>esquema ilegal<\/strong>, implementado en colaboraci\u00f3n con autoridades de Estados Unidos, a trav\u00e9s del cual se habr\u00edan introducido cerca de <strong>dos mil armas de fuego ilegales a M\u00e9xico<\/strong>, como parte de una estrategia que se denomin\u00f3<strong> \u201cR\u00e1pido y Furioso\u201d.\u00a0<\/strong><\/p>\n<p>Autoridades con conocimiento del caso confirmaron a este medio que Rosas Rosas fue citado a declarar a principios del a\u00f1o pasado ante el Ministerio P\u00fablico, como parte de la carpeta de investigaci\u00f3n SEIDO\/UEITA-SON\/0000306\/2020 iniciada por los <strong>delitos de delincuencia organizada, violaciones a la ley federal de armas de fuego y explosivos, entre otros il\u00edcitos graves<\/strong>.<\/p>\n<p>Tras su declaraci\u00f3n y la de varios exfuncionarios m\u00e1s, la Fiscal\u00eda continu\u00f3 con la integraci\u00f3n de dicha indagatoria y a principios de este a\u00f1o obtuvo de un juez federal siete \u00f3rdenes de aprehensi\u00f3n en contra de los probables implicados en estos hechos. Tres de ellos ya se encuentran detenidos, aunque por otro casos: <strong>Joaqu\u00edn Guzm\u00e1n Loera<\/strong>, exl\u00edder del C\u00e1rtel del Pac\u00edfico; <strong>Genaro Garc\u00eda Luna<\/strong>, exsecretario de Seguridad P\u00fablica Federal; y <strong>Luis C\u00e1rdenas Palomino<\/strong>, exdirector de la Divisi\u00f3n de Inteligencia de la Polic\u00eda Federal.<\/p>\n<p>Cuando estos hechos ocurrieron, Facundo Rosas se desempe\u00f1aba como Comisionado General de la entonces Polic\u00eda Federal adscrita a la SSPF. Se trataba del cargo de mayor jerarqu\u00eda dentro de la estructura de dicha corporaci\u00f3n y, jer\u00e1rquicamente, su \u00fanico superior era el propio Garc\u00eda Luna.<\/p>\n<div class=\"ap_single_fondea_text\" data-gtm-vis-first-on-screen-10237759_52=\"261102\" data-gtm-vis-total-visible-time-10237759_52=\"100\" data-gtm-vis-has-fired-10237759_52=\"1\"><\/div>\n","protected":false},"excerpt":{"rendered":"<p>Elementos de la Marina y agentes de la polic\u00eda federal ministerial de la FGR cumplimentaron este jueves una orden de aprehensi\u00f3n en contra de\u00a0Facundo Rosas Rosas, excomisionado de la Polic\u00eda Federal, por el caso de \u201cR\u00e1pido y Furioso\u201d. Pasadas las 2 de la tarde, el detenido fue trasladado hacia las instalaciones de la Fiscal\u00eda Especializada [&hellip;]<\/p>\n","protected":false},"author":5,"featured_media":2344,"comment_status":"open","ping_status":"open","sticky":false,"template":"","format":"standard","meta":{"om_disable_all_campaigns":false,"_monsterinsights_skip_tracking":false,"_monsterinsights_sitenote_active":false,"_monsterinsights_sitenote_note":"","_monsterinsights_sitenote_category":0,"footnotes":""},"categories":[176],"tags":[],"class_list":["post-2343","post","type-post","status-publish","format-standard","has-post-thumbnail","hentry","category-nacional"],"amp_enabled":true,"_links":{"self":[{"href":"https:\/\/lahora.mx\/index.php\/wp-json\/wp\/v2\/posts\/2343","targetHints":{"allow":["GET"]}}],"collection":[{"href":"https:\/\/lahora.mx\/index.php\/wp-json\/wp\/v2\/posts"}],"about":[{"href":"https:\/\/lahora.mx\/index.php\/wp-json\/wp\/v2\/types\/post"}],"author":[{"embeddable":true,"href":"https:\/\/lahora.mx\/index.php\/wp-json\/wp\/v2\/users\/5"}],"replies":[{"embeddable":true,"href":"https:\/\/lahora.mx\/index.php\/wp-json\/wp\/v2\/comments?post=2343"}],"version-history":[{"count":1,"href":"https:\/\/lahora.mx\/index.php\/wp-json\/wp\/v2\/posts\/2343\/revisions"}],"predecessor-version":[{"id":2345,"href":"https:\/\/lahora.mx\/index.php\/wp-json\/wp\/v2\/posts\/2343\/revisions\/2345"}],"wp:featuredmedia":[{"embeddable":true,"href":"https:\/\/lahora.mx\/index.php\/wp-json\/wp\/v2\/media\/2344"}],"wp:attachment":[{"href":"https:\/\/lahora.mx\/index.php\/wp-json\/wp\/v2\/media?parent=2343"}],"wp:term":[{"taxonomy":"category","embeddable":true,"href":"https:\/\/lahora.mx\/index.php\/wp-json\/wp\/v2\/categories?post=2343"},{"taxonomy":"post_tag","embeddable":true,"href":"https:\/\/lahora.mx\/index.php\/wp-json\/wp\/v2\/tags?post=2343"}],"curies":[{"name":"wp","href":"https:\/\/api.w.org\/{rel}","templated":true}]}}