{"id":23421,"date":"2023-03-20T01:45:05","date_gmt":"2023-03-20T01:45:05","guid":{"rendered":"http:\/\/lahora.mx\/?p=23421"},"modified":"2023-03-20T01:45:06","modified_gmt":"2023-03-20T01:45:06","slug":"oposicion-exigen-a-amlo-frenar-ataques-contra-ministra-norma-pina","status":"publish","type":"post","link":"https:\/\/lahora.mx\/index.php\/2023\/03\/20\/oposicion-exigen-a-amlo-frenar-ataques-contra-ministra-norma-pina\/","title":{"rendered":"Oposici\u00f3n exigen a AMLO frenar ataques contra ministra Norma Pi\u00f1a"},"content":{"rendered":"\n<p class=\"wp-block-paragraph\">Senadores de oposici\u00f3n condenaron la actitud de simpatizantes del presidente Andr\u00e9s Manuel L\u00f3pez Obrador, que quemaron una figura de la ministra Norma Pi\u00f1a Hern\u00e1ndez, presidenta de la Suprema Corte de Justicia de la Naci\u00f3n (SCJN).<\/p>\n\n\n\n<p class=\"wp-block-paragraph\">En redes sociales, los legisladores del PAN, Movimiento Ciudadano y Grupo Plural, responsabilizaron al Presidente de los mensajes de violencia en contra de la ministra.<\/p>\n\n\n\n<p class=\"wp-block-paragraph\">La senadora de Movimiento Ciudadano (MC) Patricia Mercado deplor\u00f3 las expresiones contra la presidenta de la SCJN que se dieron en el Z\u00f3calo capitalino, en el marco de la conmemoraci\u00f3n del 85 Aniversario de la Expropiaci\u00f3n Petrolera.<\/p>\n\n\n\n<p class=\"wp-block-paragraph\">\u00abLa expresi\u00f3n de odio que sucedi\u00f3 ayer en el Z\u00f3calo hacia la primera mujer Presidenta de la @SCJN, la ministra Norma Pi\u00f1a, debe marcar un l\u00edmite. La condena tiene que ser un\u00e1nime, porque de lo contrario lo que se expresar\u00e1 es un permiso para violentarla\u00bb, se\u00f1al\u00f3.<\/p>\n\n\n\n<p class=\"wp-block-paragraph\">Por su parte, Emilio \u00c1lvarez Icaza, del Grupo Plural, acus\u00f3 que los fan\u00e1ticos de L\u00f3pez Obrador toman como orden la violencia pol\u00edtica de g\u00e9nero y la misoginia que el presidente genera contra la ministra Pi\u00f1a Hern\u00e1ndez.<\/p>\n\n\n\n<p class=\"wp-block-paragraph\">La senadora panista X\u00f3chitl G\u00e1lvez descalific\u00f3 los ataques en contra de la presidenta de la Suprema Corte y con los hashtags #NoEst\u00e1sSola y #NormaNoEst\u00e1Sola, exigi\u00f3 que el presidente L\u00f3pez Obrador deje de denostar a la ministra.<\/p>\n\n\n\n<p class=\"wp-block-paragraph\">A su vez, la senadora de MC, Indira Kempis, pidi\u00f3 que el \u00abPresidente @lopezobrador_ ayude a mantener la cordura de sus fans. La Ministra Norma Pi\u00f1a -ninguna mujer- NO merece esos mensajes de violencia que son amenazas expl\u00edcitas contra su integridad f\u00edsica. No les permita que esto escale. Nos queremos vivas, libres y sin miedo\u00bb.<\/p>\n","protected":false},"excerpt":{"rendered":"<p>Senadores de oposici\u00f3n condenaron la actitud de simpatizantes del presidente Andr\u00e9s Manuel L\u00f3pez Obrador, que quemaron una figura de la ministra Norma Pi\u00f1a Hern\u00e1ndez, presidenta de la Suprema Corte de Justicia de la Naci\u00f3n (SCJN). En redes sociales, los legisladores del PAN, Movimiento Ciudadano y Grupo Plural, responsabilizaron al Presidente de los mensajes de violencia [&hellip;]<\/p>\n","protected":false},"author":4,"featured_media":23422,"comment_status":"open","ping_status":"open","sticky":false,"template":"","format":"standard","meta":{"om_disable_all_campaigns":false,"_monsterinsights_skip_tracking":false,"footnotes":""},"categories":[176],"tags":[],"class_list":["post-23421","post","type-post","status-publish","format-standard","has-post-thumbnail","hentry","category-nacional"],"amp_enabled":true,"_links":{"self":[{"href":"https:\/\/lahora.mx\/index.php\/wp-json\/wp\/v2\/posts\/23421","targetHints":{"allow":["GET"]}}],"collection":[{"href":"https:\/\/lahora.mx\/index.php\/wp-json\/wp\/v2\/posts"}],"about":[{"href":"https:\/\/lahora.mx\/index.php\/wp-json\/wp\/v2\/types\/post"}],"author":[{"embeddable":true,"href":"https:\/\/lahora.mx\/index.php\/wp-json\/wp\/v2\/users\/4"}],"replies":[{"embeddable":true,"href":"https:\/\/lahora.mx\/index.php\/wp-json\/wp\/v2\/comments?post=23421"}],"version-history":[{"count":1,"href":"https:\/\/lahora.mx\/index.php\/wp-json\/wp\/v2\/posts\/23421\/revisions"}],"predecessor-version":[{"id":23423,"href":"https:\/\/lahora.mx\/index.php\/wp-json\/wp\/v2\/posts\/23421\/revisions\/23423"}],"wp:featuredmedia":[{"embeddable":true,"href":"https:\/\/lahora.mx\/index.php\/wp-json\/wp\/v2\/media\/23422"}],"wp:attachment":[{"href":"https:\/\/lahora.mx\/index.php\/wp-json\/wp\/v2\/media?parent=23421"}],"wp:term":[{"taxonomy":"category","embeddable":true,"href":"https:\/\/lahora.mx\/index.php\/wp-json\/wp\/v2\/categories?post=23421"},{"taxonomy":"post_tag","embeddable":true,"href":"https:\/\/lahora.mx\/index.php\/wp-json\/wp\/v2\/tags?post=23421"}],"curies":[{"name":"wp","href":"https:\/\/api.w.org\/{rel}","templated":true}]}}