{"id":23341,"date":"2023-03-17T19:49:27","date_gmt":"2023-03-17T19:49:27","guid":{"rendered":"http:\/\/lahora.mx\/?p=23341"},"modified":"2023-03-17T19:49:28","modified_gmt":"2023-03-17T19:49:28","slug":"lazaro-cardenas-batel-renuncia-a-coordinacion-de-asesores","status":"publish","type":"post","link":"https:\/\/lahora.mx\/index.php\/2023\/03\/17\/lazaro-cardenas-batel-renuncia-a-coordinacion-de-asesores\/","title":{"rendered":"L\u00e1zaro C\u00e1rdenas Batel renuncia a Coordinaci\u00f3n de Asesores"},"content":{"rendered":"\n<p class=\"wp-block-paragraph\">L\u00e1zaro C\u00e1rdenas Batel renunci\u00f3 a la Coordinaci\u00f3n de Asesores en el gobierno del presidente Andr\u00e9s Manuel L\u00f3pez Obrador para trabajar en la CELAC en la nueva \u00e1rea de secretariado permanente que busca establecer San Vicente y las Granadinas, naci\u00f3n que actualmente ostenta la presidencia del organismo.<\/p>\n\n\n\n<p class=\"wp-block-paragraph\">\u201cL\u00e1zaro tiene consenso con la mayor\u00eda de los gobiernos de la CELAC, a eso se va a dedicar y tambi\u00e9n nos va a seguir ayudando porque \u00e9l lleva toda la relaci\u00f3n con pa\u00edses que est\u00e1n apoy\u00e1ndonos para contar con m\u00e9dicos especialistas\u201d, dijo el presidente L\u00f3pez Obrador en su ma\u00f1anera del 17 de marzo al confirmar la renuncia del hijo de Cuauht\u00e9moc C\u00e1rdenas.<\/p>\n\n\n\n<p class=\"wp-block-paragraph\">L\u00f3pez Obrador destac\u00f3 que C\u00e1rdenas Batel es \u201cde primera\u201d, profesional y de principios, adem\u00e1s de que est\u00e1 \u201cmuy definido\u201d pol\u00edticamente y se\u00f1al\u00f3 que la llegada de su excoordinador de asesores a la CELAC se da por petici\u00f3n de la presidencia del organismo para encabezar la nueva \u00e1rea, a fin de dar seguimiento a los acuerdos y decisiones que se han tomado de manera conjunta.<\/p>\n\n\n\n<p class=\"wp-block-paragraph\">El mandatario dijo que a\u00fan \u201cest\u00e1 pendiente\u201d el nombramiento del sustituto de C\u00e1rdenas Batel como coordinador de asesores tras su salida.<\/p>\n\n\n\n<p class=\"wp-block-paragraph\">El hijo de Cuauht\u00e9moc C\u00e1rdenas se desempe\u00f1aba en como coordinador de asesores de la Presidencia desde el inicio del sexenio de L\u00f3pez Obrador el 1 de diciembre de 2018.<\/p>\n","protected":false},"excerpt":{"rendered":"<p>L\u00e1zaro C\u00e1rdenas Batel renunci\u00f3 a la Coordinaci\u00f3n de Asesores en el gobierno del presidente Andr\u00e9s Manuel L\u00f3pez Obrador para trabajar en la CELAC en la nueva \u00e1rea de secretariado permanente que busca establecer San Vicente y las Granadinas, naci\u00f3n que actualmente ostenta la presidencia del organismo. \u201cL\u00e1zaro tiene consenso con la mayor\u00eda de los gobiernos [&hellip;]<\/p>\n","protected":false},"author":4,"featured_media":23343,"comment_status":"open","ping_status":"open","sticky":false,"template":"","format":"standard","meta":{"om_disable_all_campaigns":false,"_monsterinsights_skip_tracking":false,"footnotes":""},"categories":[176],"tags":[],"class_list":["post-23341","post","type-post","status-publish","format-standard","has-post-thumbnail","hentry","category-nacional"],"amp_enabled":true,"_links":{"self":[{"href":"https:\/\/lahora.mx\/index.php\/wp-json\/wp\/v2\/posts\/23341","targetHints":{"allow":["GET"]}}],"collection":[{"href":"https:\/\/lahora.mx\/index.php\/wp-json\/wp\/v2\/posts"}],"about":[{"href":"https:\/\/lahora.mx\/index.php\/wp-json\/wp\/v2\/types\/post"}],"author":[{"embeddable":true,"href":"https:\/\/lahora.mx\/index.php\/wp-json\/wp\/v2\/users\/4"}],"replies":[{"embeddable":true,"href":"https:\/\/lahora.mx\/index.php\/wp-json\/wp\/v2\/comments?post=23341"}],"version-history":[{"count":1,"href":"https:\/\/lahora.mx\/index.php\/wp-json\/wp\/v2\/posts\/23341\/revisions"}],"predecessor-version":[{"id":23344,"href":"https:\/\/lahora.mx\/index.php\/wp-json\/wp\/v2\/posts\/23341\/revisions\/23344"}],"wp:featuredmedia":[{"embeddable":true,"href":"https:\/\/lahora.mx\/index.php\/wp-json\/wp\/v2\/media\/23343"}],"wp:attachment":[{"href":"https:\/\/lahora.mx\/index.php\/wp-json\/wp\/v2\/media?parent=23341"}],"wp:term":[{"taxonomy":"category","embeddable":true,"href":"https:\/\/lahora.mx\/index.php\/wp-json\/wp\/v2\/categories?post=23341"},{"taxonomy":"post_tag","embeddable":true,"href":"https:\/\/lahora.mx\/index.php\/wp-json\/wp\/v2\/tags?post=23341"}],"curies":[{"name":"wp","href":"https:\/\/api.w.org\/{rel}","templated":true}]}}