{"id":2331,"date":"2022-01-27T21:17:16","date_gmt":"2022-01-27T21:17:16","guid":{"rendered":"http:\/\/lahora.mx\/?p=2331"},"modified":"2022-01-27T21:17:53","modified_gmt":"2022-01-27T21:17:53","slug":"se-atora-helicoptero-de-la-sedena-en-caseta-de-cobro-de-la-mexico-pachuca","status":"publish","type":"post","link":"https:\/\/lahora.mx\/index.php\/2022\/01\/27\/se-atora-helicoptero-de-la-sedena-en-caseta-de-cobro-de-la-mexico-pachuca\/","title":{"rendered":"Se atora helic\u00f3ptero de la Sedena en caseta de cobro de la M\u00e9xico-Pachuca"},"content":{"rendered":"<p>El<strong>\u00a0fuselaje de un helic\u00f3ptero<\/strong> de la Secretar\u00eda de la Defensa Nacional (Sedena)<strong>\u00a0se ator\u00f3<\/strong>\u00a0en una de las garitas de la\u00a0<strong>caseta de cobro<\/strong>\u00a0de Ojo de Agua de la autopista<strong>\u00a0M\u00e9xico-Pachuca<\/strong>.<\/p>\n<p>Los hechos ocurrieron la tarde de este martes, cuando la aeronave de la Fuerza A\u00e9rea Mexicana era trasladada hacia la base a\u00e9rea de Santa Luc\u00eda, en Estado de Mexico<\/p>\n<p>Al llegar a la plaza de cobro ubicada en Tec\u00e1mac, el primero de los tr\u00e1ileres que transportaban las partes del helic\u00f3ptero no logr\u00f3 pasar, quedando atorado el motor de las h\u00e9lices con la se\u00f1al\u00e9tica de la caseta.<\/p>\n<p>El helic\u00f3ptero hab\u00eda sido utilizado para la exhibici\u00f3n de las fuerzas armadas en diversos lugares, eran transportadas en dos tr\u00e1ilers.<\/p>\n","protected":false},"excerpt":{"rendered":"<p>El\u00a0fuselaje de un helic\u00f3ptero de la Secretar\u00eda de la Defensa Nacional (Sedena)\u00a0se ator\u00f3\u00a0en una de las garitas de la\u00a0caseta de cobro\u00a0de Ojo de Agua de la autopista\u00a0M\u00e9xico-Pachuca. Los hechos ocurrieron la tarde de este martes, cuando la aeronave de la Fuerza A\u00e9rea Mexicana era trasladada hacia la base a\u00e9rea de Santa Luc\u00eda, en Estado de [&hellip;]<\/p>\n","protected":false},"author":4,"featured_media":2333,"comment_status":"open","ping_status":"open","sticky":false,"template":"","format":"standard","meta":{"om_disable_all_campaigns":false,"_monsterinsights_skip_tracking":false,"_monsterinsights_sitenote_active":false,"_monsterinsights_sitenote_note":"","_monsterinsights_sitenote_category":0,"footnotes":""},"categories":[176,1],"tags":[],"class_list":["post-2331","post","type-post","status-publish","format-standard","has-post-thumbnail","hentry","category-nacional","category-sin-categoria"],"amp_enabled":true,"_links":{"self":[{"href":"https:\/\/lahora.mx\/index.php\/wp-json\/wp\/v2\/posts\/2331","targetHints":{"allow":["GET"]}}],"collection":[{"href":"https:\/\/lahora.mx\/index.php\/wp-json\/wp\/v2\/posts"}],"about":[{"href":"https:\/\/lahora.mx\/index.php\/wp-json\/wp\/v2\/types\/post"}],"author":[{"embeddable":true,"href":"https:\/\/lahora.mx\/index.php\/wp-json\/wp\/v2\/users\/4"}],"replies":[{"embeddable":true,"href":"https:\/\/lahora.mx\/index.php\/wp-json\/wp\/v2\/comments?post=2331"}],"version-history":[{"count":1,"href":"https:\/\/lahora.mx\/index.php\/wp-json\/wp\/v2\/posts\/2331\/revisions"}],"predecessor-version":[{"id":2334,"href":"https:\/\/lahora.mx\/index.php\/wp-json\/wp\/v2\/posts\/2331\/revisions\/2334"}],"wp:featuredmedia":[{"embeddable":true,"href":"https:\/\/lahora.mx\/index.php\/wp-json\/wp\/v2\/media\/2333"}],"wp:attachment":[{"href":"https:\/\/lahora.mx\/index.php\/wp-json\/wp\/v2\/media?parent=2331"}],"wp:term":[{"taxonomy":"category","embeddable":true,"href":"https:\/\/lahora.mx\/index.php\/wp-json\/wp\/v2\/categories?post=2331"},{"taxonomy":"post_tag","embeddable":true,"href":"https:\/\/lahora.mx\/index.php\/wp-json\/wp\/v2\/tags?post=2331"}],"curies":[{"name":"wp","href":"https:\/\/api.w.org\/{rel}","templated":true}]}}