{"id":23279,"date":"2023-03-16T23:37:36","date_gmt":"2023-03-16T23:37:36","guid":{"rendered":"http:\/\/lahora.mx\/?p=23279"},"modified":"2023-03-16T23:37:37","modified_gmt":"2023-03-16T23:37:37","slug":"celebran-los-cinco-complejos-la-jornada-puertas-abiertas-regionales-buap-2023","status":"publish","type":"post","link":"https:\/\/lahora.mx\/index.php\/2023\/03\/16\/celebran-los-cinco-complejos-la-jornada-puertas-abiertas-regionales-buap-2023\/","title":{"rendered":"Celebran los cinco complejos la jornada \u201cPuertas Abiertas Regionales BUAP 2023\u201d"},"content":{"rendered":"\n<p>Con el compromiso de ofrecer una ciencia abierta y comprometida que fortalezca la vinculaci\u00f3n entre la universidad y la sociedad poblana, la Rectora Mar\u00eda Lilia Cedillo Ram\u00edrez inaugur\u00f3 en la sede de Tehuac\u00e1n del Complejo Regional Sur la jornada \u201cPuertas Abiertas Regionales BUAP 2023\u201d, la cual tiene lugar este 16 y 17 de marzo, en los cinco complejos regionales de esta instituci\u00f3n.<\/p>\n\n\n\n<p>Durante esta apertura, la Rectora de la BUAP agradeci\u00f3 la presencia de invitados especiales y autoridades municipales, como el edil de Tehuac\u00e1n, Pedro Tepole Hern\u00e1ndez, as\u00ed como de funcionarios, investigadores, docentes y, sobre todo, de familias, ni\u00f1os, ni\u00f1as y j\u00f3venes que acudieron para conocer todo lo que ofrece la BUAP.<\/p>\n\n\n\n<p>\u201cEs el momento para que la comunidad poblana conozca lo que estamos haciendo en materia de docencia, investigaci\u00f3n, deporte y cultura. La BUAP es la casa de todos, y sus puertas no s\u00f3lo est\u00e1n abiertas para toda la comunidad en esta jornada, sino los 365 d\u00edas del a\u00f1o\u201d, expres\u00f3.<\/p>\n\n\n\n<p>\u201cPuertas Abiertas Regionales BUAP 2023\u201d se lleva a cabo de manera simult\u00e1nea este 16 y 17 de marzo en los cinco complejos regionales: Sur, Nororiental, Norte, Mixteca y Centro, adem\u00e1s en la Facultad de Ciencias Agr\u00edcolas y Pecuarias, en Teziutl\u00e1n, en la Facultad de Medicina Veterinaria y Zootecnia, en Tecamachalco, y en las preparatorias regionales Sim\u00f3n Bol\u00edvar y Enrique Cabrera Barroso.<\/p>\n\n\n\n<p>En estas sedes, ni\u00f1os, ni\u00f1as, j\u00f3venes y adultos tienen acceso a las instalaciones universitarias y pueden interactuar con los investigadores y estudiantes, a trav\u00e9s de 550 actividades, entre estas charlas, conferencias, talleres, visitas a laboratorios, presentaci\u00f3n de proyectos e iniciativas de las y los estudiantes. Tambi\u00e9n se realizan pr\u00e1cticas deportivas de la mano de especialistas y eventos culturales, art\u00edsticos y deportivos.<\/p>\n\n\n\n<p>De igual forma se brinda informaci\u00f3n sobre el Proceso de Admisi\u00f3n 2023, y la oferta educativa que tienen cada uno de los complejos regionales, todo esto mientras los asistentes de todas las edades disfrutan de la exposici\u00f3n de murales y presentaciones art\u00edsticas, entre diferentes actividades.<\/p>\n\n\n\n<p>En la inauguraci\u00f3n tambi\u00e9n estuvieron la directora del Complejo Regional Sur, Mariana Vaquero Mart\u00ednez, quien calific\u00f3 este evento como un reto para ser m\u00e1s creativos, innovadores y solidarios con la sociedad, a la que mostrar\u00e1n, en el caso de esta sede, una oferta educativa de 12 programas de licenciatura.<\/p>\n\n\n\n<p>Por su parte, Arturo Fern\u00e1ndez T\u00e9llez, director General de Divulgaci\u00f3n Cient\u00edfica, destac\u00f3 que entre los lineamientos que establece el PDI (2021-2025) est\u00e1 la apertura de la universidad a su entorno, reconociendo las necesidades urgentes de la poblaci\u00f3n y buscando soluciones en beneficio de los habitantes. Esto contempla, dijo, el lema \u201cciencia abierta y comprometida\u201d, y es por eso que la jornada \u201cPuertas Abiertas Regionales BUAP 2023\u201d busca dirigir acciones concretas que abonen a este objetivo.<\/p>\n\n\n\n<p>La Rectora Lilia Cedillo Ram\u00edrez tambi\u00e9n estuvo acompa\u00f1ada por el secretario General, Jos\u00e9 Manuel Alonso Orozco, as\u00ed como por Jorge Avelino Sol\u00eds, coordinador General de Atenci\u00f3n a los Universitarios, y por el excelent\u00edsimo embajador de Nicaragua en M\u00e9xico, Juan Pablo Guti\u00e9rrez Madrigal.<\/p>\n","protected":false},"excerpt":{"rendered":"<p>Con el compromiso de ofrecer una ciencia abierta y comprometida que fortalezca la vinculaci\u00f3n entre la universidad y la sociedad poblana, la Rectora Mar\u00eda Lilia Cedillo Ram\u00edrez inaugur\u00f3 en la sede de Tehuac\u00e1n del Complejo Regional Sur la jornada \u201cPuertas Abiertas Regionales BUAP 2023\u201d, la cual tiene lugar este 16 y 17 de marzo, en [&hellip;]<\/p>\n","protected":false},"author":4,"featured_media":23280,"comment_status":"open","ping_status":"open","sticky":false,"template":"","format":"standard","meta":{"om_disable_all_campaigns":false,"_monsterinsights_skip_tracking":false,"_monsterinsights_sitenote_active":false,"_monsterinsights_sitenote_note":"","_monsterinsights_sitenote_category":0,"footnotes":""},"categories":[175],"tags":[186,223],"class_list":["post-23279","post","type-post","status-publish","format-standard","has-post-thumbnail","hentry","category-local","tag-buap","tag-puebla"],"amp_enabled":true,"_links":{"self":[{"href":"https:\/\/lahora.mx\/index.php\/wp-json\/wp\/v2\/posts\/23279","targetHints":{"allow":["GET"]}}],"collection":[{"href":"https:\/\/lahora.mx\/index.php\/wp-json\/wp\/v2\/posts"}],"about":[{"href":"https:\/\/lahora.mx\/index.php\/wp-json\/wp\/v2\/types\/post"}],"author":[{"embeddable":true,"href":"https:\/\/lahora.mx\/index.php\/wp-json\/wp\/v2\/users\/4"}],"replies":[{"embeddable":true,"href":"https:\/\/lahora.mx\/index.php\/wp-json\/wp\/v2\/comments?post=23279"}],"version-history":[{"count":1,"href":"https:\/\/lahora.mx\/index.php\/wp-json\/wp\/v2\/posts\/23279\/revisions"}],"predecessor-version":[{"id":23281,"href":"https:\/\/lahora.mx\/index.php\/wp-json\/wp\/v2\/posts\/23279\/revisions\/23281"}],"wp:featuredmedia":[{"embeddable":true,"href":"https:\/\/lahora.mx\/index.php\/wp-json\/wp\/v2\/media\/23280"}],"wp:attachment":[{"href":"https:\/\/lahora.mx\/index.php\/wp-json\/wp\/v2\/media?parent=23279"}],"wp:term":[{"taxonomy":"category","embeddable":true,"href":"https:\/\/lahora.mx\/index.php\/wp-json\/wp\/v2\/categories?post=23279"},{"taxonomy":"post_tag","embeddable":true,"href":"https:\/\/lahora.mx\/index.php\/wp-json\/wp\/v2\/tags?post=23279"}],"curies":[{"name":"wp","href":"https:\/\/api.w.org\/{rel}","templated":true}]}}