{"id":23276,"date":"2023-03-16T23:30:59","date_gmt":"2023-03-16T23:30:59","guid":{"rendered":"http:\/\/lahora.mx\/?p=23276"},"modified":"2023-03-16T23:31:00","modified_gmt":"2023-03-16T23:31:00","slug":"recorre-la-gobernadora-lorena-cuellar-instalaciones-de-unidad-deportiva-de-amaxac-y-yauhquemehcan","status":"publish","type":"post","link":"https:\/\/lahora.mx\/index.php\/2023\/03\/16\/recorre-la-gobernadora-lorena-cuellar-instalaciones-de-unidad-deportiva-de-amaxac-y-yauhquemehcan\/","title":{"rendered":"Recorre La gobernadora Lorena Cu\u00e9llar instalaciones de unidad deportiva de Amaxac y Yauhquemehcan"},"content":{"rendered":"\n<p>La titular del Ejecutivo local, Lorena Cu\u00e9llar Cisneros recorri\u00f3 las instalaciones de la Unidad Deportiva ubicada entre los l\u00edmites de los municipios de Amaxac y Yauhquemehcan, con el prop\u00f3sito de supervisar el \u00e1rea donde se podr\u00eda establecer un proyecto de infraestructura de altas expectativas en un mediano plazo con miras a detonar la econom\u00eda de esa zona. \u201cMi idea es crear un espacio para el carnaval que tenga una vista espectacular\u2026 aqu\u00ed se desarrollar\u00e1n espect\u00e1culos y festivales, aqu\u00ed le daremos vida a los hoteles para que est\u00e9n al 100 por ciento de su ocupaci\u00f3n\u201d.<\/p>\n\n\n\n<p>Acompa\u00f1ada de los titulares de la Secretar\u00eda de Gobierno (Segob), Sergio Gonz\u00e1lez Hern\u00e1ndez; de la Secretar\u00eda de Infraestructura (SI), Alfonso S\u00e1nchez Garc\u00eda; de la Comisi\u00f3n Estatal del Agua y Saneamiento (CEAS), David Guerrero Tapia; y de la Secretar\u00eda de Medio Ambiente (SMA), Luis Antonio Ram\u00edrez Hern\u00e1ndez, se destacaron las ventajas geogr\u00e1ficas como son paisajes naturales y cuerpos de agua que se ubican en la zona, adem\u00e1s de su conectividad terrestre.<\/p>\n\n\n\n<p>Antes, el titular de la Segob, Sergio Gonz\u00e1lez inform\u00f3 a la mandataria que las presidentas municipales de Amaxac de Guerrero y Yauhquemehcan, Nancy Cort\u00e9s V\u00e1zquez y Mar\u00eda Anita Chamorro Badillo, respectivamente, le compartieron que existe la coincidencia para que se genere un proyecto de infraestructura que administre el gobierno estatal, en beneficio de ambos municipios, \u201cque dinamice el aspecto econ\u00f3mico y tur\u00edstico, aprovechando los complejos hoteleros de la zona\u201d.<\/p>\n\n\n\n<p>Por lo anterior, se plante\u00f3 iniciar los trabajos para retomar el caso ante el Congreso local, e integrar el proyecto, mismo que podr\u00eda ejecutarse el pr\u00f3ximo a\u00f1o, debido a que en este 2023 todos los recursos est\u00e1n comprometidos.<\/p>\n\n\n\n<p>\u201cIniciaremos el procedimiento jur\u00eddico primeramente entre las presidentas municipales, para que surja el decreto por parte del Congreso del estado, que lo hay, no recuerdo si en 2004, pero lo hay, que determina que se inicie un expediente\u2026 lo primero es definir la poligonal para que sepan lo que van a donar\u201d, expresaron los secretarios de Gobierno y de Infraestructura.<\/p>\n\n\n\n<p>De esta manera, las autoridades acordaron que inicialmente se definir\u00e1 el pol\u00edgono, es decir, la superficie que ambos municipios donar\u00e1n para iniciar el procedimiento jur\u00eddico, que derive en la emisi\u00f3n del decreto por parte del Congreso local.<\/p>\n\n\n\n<p>A su vez, el titular de la CEAS, David Guerrero asent\u00f3 que la superficie recorrida podr\u00eda convertirse en zona protegida, \u201cpor ejemplo esta gran propiedad, justo donde pasa la cascada y est\u00e1n las pinturas rupestres y el \u00e1rea de escalada, pues poco a poco la urbanizaci\u00f3n se la va comiendo. Esta categor\u00eda le da a un \u00e1rea natural esa protecci\u00f3n que jur\u00eddicamente requiere para mantener el pol\u00edgono sin afectaci\u00f3n\u201d.<\/p>\n","protected":false},"excerpt":{"rendered":"<p>La titular del Ejecutivo local, Lorena Cu\u00e9llar Cisneros recorri\u00f3 las instalaciones de la Unidad Deportiva ubicada entre los l\u00edmites de los municipios de Amaxac y Yauhquemehcan, con el prop\u00f3sito de supervisar el \u00e1rea donde se podr\u00eda establecer un proyecto de infraestructura de altas expectativas en un mediano plazo con miras a detonar la econom\u00eda de [&hellip;]<\/p>\n","protected":false},"author":4,"featured_media":23277,"comment_status":"open","ping_status":"open","sticky":false,"template":"","format":"standard","meta":{"om_disable_all_campaigns":false,"_monsterinsights_skip_tracking":false,"_monsterinsights_sitenote_active":false,"_monsterinsights_sitenote_note":"","_monsterinsights_sitenote_category":0,"footnotes":""},"categories":[175],"tags":[223,210],"class_list":["post-23276","post","type-post","status-publish","format-standard","has-post-thumbnail","hentry","category-local","tag-puebla","tag-tlaxcala"],"amp_enabled":true,"_links":{"self":[{"href":"https:\/\/lahora.mx\/index.php\/wp-json\/wp\/v2\/posts\/23276","targetHints":{"allow":["GET"]}}],"collection":[{"href":"https:\/\/lahora.mx\/index.php\/wp-json\/wp\/v2\/posts"}],"about":[{"href":"https:\/\/lahora.mx\/index.php\/wp-json\/wp\/v2\/types\/post"}],"author":[{"embeddable":true,"href":"https:\/\/lahora.mx\/index.php\/wp-json\/wp\/v2\/users\/4"}],"replies":[{"embeddable":true,"href":"https:\/\/lahora.mx\/index.php\/wp-json\/wp\/v2\/comments?post=23276"}],"version-history":[{"count":2,"href":"https:\/\/lahora.mx\/index.php\/wp-json\/wp\/v2\/posts\/23276\/revisions"}],"predecessor-version":[{"id":23357,"href":"https:\/\/lahora.mx\/index.php\/wp-json\/wp\/v2\/posts\/23276\/revisions\/23357"}],"wp:featuredmedia":[{"embeddable":true,"href":"https:\/\/lahora.mx\/index.php\/wp-json\/wp\/v2\/media\/23277"}],"wp:attachment":[{"href":"https:\/\/lahora.mx\/index.php\/wp-json\/wp\/v2\/media?parent=23276"}],"wp:term":[{"taxonomy":"category","embeddable":true,"href":"https:\/\/lahora.mx\/index.php\/wp-json\/wp\/v2\/categories?post=23276"},{"taxonomy":"post_tag","embeddable":true,"href":"https:\/\/lahora.mx\/index.php\/wp-json\/wp\/v2\/tags?post=23276"}],"curies":[{"name":"wp","href":"https:\/\/api.w.org\/{rel}","templated":true}]}}