{"id":23273,"date":"2023-03-16T23:28:17","date_gmt":"2023-03-16T23:28:17","guid":{"rendered":"http:\/\/lahora.mx\/?p=23273"},"modified":"2023-03-16T23:28:18","modified_gmt":"2023-03-16T23:28:18","slug":"se-inaugura-el-xxv-concurso-nacional-de-prototipos-y-proyectos-de-emprendimiento-2023-fase-estatal","status":"publish","type":"post","link":"https:\/\/lahora.mx\/index.php\/2023\/03\/16\/se-inaugura-el-xxv-concurso-nacional-de-prototipos-y-proyectos-de-emprendimiento-2023-fase-estatal\/","title":{"rendered":"Se inaugura el XXV Concurso Nacional de Prototipos y Proyectos de Emprendimiento 2023 Fase Estatal"},"content":{"rendered":"\n<p>Autoridades de la Secretar\u00eda de Educaci\u00f3n P\u00fablica federal (SEP) y Estatal (SEPE) inauguraron el XXV Concurso Nacional de Prototipos y Proyectos de Emprendimiento 2023, fase estatal con sede en Huamantla.<\/p>\n\n\n\n<p>Como representante de la gobernadora Lorena Cu\u00e9llar Cisneros, el titular de la SEPE, Homero Meneses Hern\u00e1ndez, y la subsecretaria de Educaci\u00f3n B\u00e1sica de la SEP, Martha Velda Hern\u00e1ndez Moreno, encabezaron el acto protocolario de este evento.<\/p>\n\n\n\n<p>El funcionario estatal, Meneses Hern\u00e1ndez mencion\u00f3 que la visita de la funcionaria federal obedece a una estrategia impulsada por la jefa del Ejecutivo estatal, Cu\u00e9llar Cisneros, de vincular todo el sector educativo y, a su vez, este con la sociedad; as\u00ed como impulsar la ciencia y la tecnolog\u00eda de manera integral en beneficio de la comunidad y el bienestar social.<\/p>\n\n\n\n<p>Adem\u00e1s, Meneses Hern\u00e1ndez destac\u00f3 que, como muestra del trabajo en favor de la educaci\u00f3n por parte de la gobernadora del estado, se crearon tres universidades Benito Ju\u00e1rez \u201ccuando ella era delegada de la Secretar\u00eda de Bienestar y ahora como gobernadora, puso en marcha la Unidad del Instituto Polit\u00e9cnico Nacional (IPN) y anunci\u00f3 que, en agosto, la Universidad Intercultural, en el municipio de Ixtenco, iniciar\u00e1 actividades; en total cinco universidades m\u00e1s para los tlaxcaltecas\u201d, coment\u00f3.<\/p>\n\n\n\n<p>Este evento tambi\u00e9n estuvo presidido por el coordinador sectorial de Operaci\u00f3n Estrat\u00e9gica, Rafael Aristo Gonz\u00e1lez Salinas quien, junto con autoridades de los diferentes niveles de gobierno, se informaron de los prototipos y proyectos de emprendimiento de las y los j\u00f3venes estudiantes que combinan la creatividad, la ciencia y la tecnolog\u00eda.<\/p>\n\n\n\n<p>Cabe mencionar que esta justa es impulsada por la Direcci\u00f3n General de Educaci\u00f3n Tecnol\u00f3gica Industrial (Dgeti), dependencia adscrita a la Subsecretar\u00eda de Educaci\u00f3n Media Superior, dependiente de la SEP y en donde se cont\u00f3 con la participaci\u00f3n de los Centros de Bachillerato Tecnol\u00f3gico, Industrial y de Servicios (Cbtis) 03 de Tlaxcala, 61 de Huamantla, 153 de San Pablo de Monte, 154 de Calpulalpan, 211 de Tezoquipan, 212 de Tetla, as\u00ed como del Centros de Estudio Tecnol\u00f3gico Industrial y de Servicios (Cetis) 132 de Chiautempan.<\/p>\n","protected":false},"excerpt":{"rendered":"<p>Autoridades de la Secretar\u00eda de Educaci\u00f3n P\u00fablica federal (SEP) y Estatal (SEPE) inauguraron el XXV Concurso Nacional de Prototipos y Proyectos de Emprendimiento 2023, fase estatal con sede en Huamantla. Como representante de la gobernadora Lorena Cu\u00e9llar Cisneros, el titular de la SEPE, Homero Meneses Hern\u00e1ndez, y la subsecretaria de Educaci\u00f3n B\u00e1sica de la SEP, [&hellip;]<\/p>\n","protected":false},"author":4,"featured_media":23274,"comment_status":"open","ping_status":"open","sticky":false,"template":"","format":"standard","meta":{"om_disable_all_campaigns":false,"_monsterinsights_skip_tracking":false,"_monsterinsights_sitenote_active":false,"_monsterinsights_sitenote_note":"","_monsterinsights_sitenote_category":0,"footnotes":""},"categories":[175],"tags":[223],"class_list":["post-23273","post","type-post","status-publish","format-standard","has-post-thumbnail","hentry","category-local","tag-puebla"],"amp_enabled":true,"_links":{"self":[{"href":"https:\/\/lahora.mx\/index.php\/wp-json\/wp\/v2\/posts\/23273","targetHints":{"allow":["GET"]}}],"collection":[{"href":"https:\/\/lahora.mx\/index.php\/wp-json\/wp\/v2\/posts"}],"about":[{"href":"https:\/\/lahora.mx\/index.php\/wp-json\/wp\/v2\/types\/post"}],"author":[{"embeddable":true,"href":"https:\/\/lahora.mx\/index.php\/wp-json\/wp\/v2\/users\/4"}],"replies":[{"embeddable":true,"href":"https:\/\/lahora.mx\/index.php\/wp-json\/wp\/v2\/comments?post=23273"}],"version-history":[{"count":1,"href":"https:\/\/lahora.mx\/index.php\/wp-json\/wp\/v2\/posts\/23273\/revisions"}],"predecessor-version":[{"id":23275,"href":"https:\/\/lahora.mx\/index.php\/wp-json\/wp\/v2\/posts\/23273\/revisions\/23275"}],"wp:featuredmedia":[{"embeddable":true,"href":"https:\/\/lahora.mx\/index.php\/wp-json\/wp\/v2\/media\/23274"}],"wp:attachment":[{"href":"https:\/\/lahora.mx\/index.php\/wp-json\/wp\/v2\/media?parent=23273"}],"wp:term":[{"taxonomy":"category","embeddable":true,"href":"https:\/\/lahora.mx\/index.php\/wp-json\/wp\/v2\/categories?post=23273"},{"taxonomy":"post_tag","embeddable":true,"href":"https:\/\/lahora.mx\/index.php\/wp-json\/wp\/v2\/tags?post=23273"}],"curies":[{"name":"wp","href":"https:\/\/api.w.org\/{rel}","templated":true}]}}