{"id":23267,"date":"2023-03-16T22:46:23","date_gmt":"2023-03-16T22:46:23","guid":{"rendered":"http:\/\/lahora.mx\/?p=23267"},"modified":"2023-03-16T22:46:24","modified_gmt":"2023-03-16T22:46:24","slug":"se-cuelga-de-un-arbol-en-camellon-de-huexotitla","status":"publish","type":"post","link":"https:\/\/lahora.mx\/index.php\/2023\/03\/16\/se-cuelga-de-un-arbol-en-camellon-de-huexotitla\/","title":{"rendered":"Se cuelga de un \u00e1rbol en camell\u00f3n de Huexotitla"},"content":{"rendered":"\n<p>Esta ma\u00f1ana un hombre decidi\u00f3 terminar con su vida colg\u00e1ndose con un cable de tel\u00e9fono de un \u00e1rbol que se encuentra sobre el camell\u00f3n del Bulevar 5 de Mayo frente al Sanborns de la colonia Huexotitla, la zona esta acordonada.<\/p>\n\n\n\n<p>Los hechos ocurrieron la ma\u00f1ana de este d\u00eda cuando un poblano report\u00f3 a emergencias que al pasar sobre esta zona vio de uno de los \u00e1rboles a una persona colgada.<\/p>\n\n\n\n<p>Al lugar acudieron elementos de la polic\u00eda municipal de Puebla quienes confirmaron el macabro hallazgo, aparentemente esta persona decidi\u00f3 quitarse la vida.<\/p>\n\n\n\n<p>En el punto se espera el arribo de elementos de la Fiscal\u00eda General del Estado para llevar a cabo las diligencias correspondientes.<\/p>\n","protected":false},"excerpt":{"rendered":"<p>Esta ma\u00f1ana un hombre decidi\u00f3 terminar con su vida colg\u00e1ndose con un cable de tel\u00e9fono de un \u00e1rbol que se encuentra sobre el camell\u00f3n del Bulevar 5 de Mayo frente al Sanborns de la colonia Huexotitla, la zona esta acordonada. Los hechos ocurrieron la ma\u00f1ana de este d\u00eda cuando un poblano report\u00f3 a emergencias que [&hellip;]<\/p>\n","protected":false},"author":4,"featured_media":23268,"comment_status":"open","ping_status":"open","sticky":false,"template":"","format":"standard","meta":{"om_disable_all_campaigns":false,"_monsterinsights_skip_tracking":false,"_monsterinsights_sitenote_active":false,"_monsterinsights_sitenote_note":"","_monsterinsights_sitenote_category":0,"footnotes":""},"categories":[175,226],"tags":[223],"class_list":["post-23267","post","type-post","status-publish","format-standard","has-post-thumbnail","hentry","category-local","category-policia","tag-puebla"],"amp_enabled":true,"_links":{"self":[{"href":"https:\/\/lahora.mx\/index.php\/wp-json\/wp\/v2\/posts\/23267","targetHints":{"allow":["GET"]}}],"collection":[{"href":"https:\/\/lahora.mx\/index.php\/wp-json\/wp\/v2\/posts"}],"about":[{"href":"https:\/\/lahora.mx\/index.php\/wp-json\/wp\/v2\/types\/post"}],"author":[{"embeddable":true,"href":"https:\/\/lahora.mx\/index.php\/wp-json\/wp\/v2\/users\/4"}],"replies":[{"embeddable":true,"href":"https:\/\/lahora.mx\/index.php\/wp-json\/wp\/v2\/comments?post=23267"}],"version-history":[{"count":1,"href":"https:\/\/lahora.mx\/index.php\/wp-json\/wp\/v2\/posts\/23267\/revisions"}],"predecessor-version":[{"id":23269,"href":"https:\/\/lahora.mx\/index.php\/wp-json\/wp\/v2\/posts\/23267\/revisions\/23269"}],"wp:featuredmedia":[{"embeddable":true,"href":"https:\/\/lahora.mx\/index.php\/wp-json\/wp\/v2\/media\/23268"}],"wp:attachment":[{"href":"https:\/\/lahora.mx\/index.php\/wp-json\/wp\/v2\/media?parent=23267"}],"wp:term":[{"taxonomy":"category","embeddable":true,"href":"https:\/\/lahora.mx\/index.php\/wp-json\/wp\/v2\/categories?post=23267"},{"taxonomy":"post_tag","embeddable":true,"href":"https:\/\/lahora.mx\/index.php\/wp-json\/wp\/v2\/tags?post=23267"}],"curies":[{"name":"wp","href":"https:\/\/api.w.org\/{rel}","templated":true}]}}