{"id":23264,"date":"2023-03-16T22:43:08","date_gmt":"2023-03-16T22:43:08","guid":{"rendered":"http:\/\/lahora.mx\/?p=23264"},"modified":"2023-03-16T22:43:09","modified_gmt":"2023-03-16T22:43:09","slug":"puebla-registra-mejor-periodo-de-generacion-de-empleos-cespedes-peregrina","status":"publish","type":"post","link":"https:\/\/lahora.mx\/index.php\/2023\/03\/16\/puebla-registra-mejor-periodo-de-generacion-de-empleos-cespedes-peregrina\/","title":{"rendered":"Puebla registra mejor periodo de generaci\u00f3n de empleos: C\u00e9spedes Peregrina"},"content":{"rendered":"\n<p>En conferencia de prensa, el gobernador Sergio Salom\u00f3n el gobernador Sergio Salom\u00f3n, inform\u00f3 que con 5 mil 334 nuevos puestos de trabajo al cierre del primer bimestre del a\u00f1o (enero- febrero), Puebla registr\u00f3 su mejor periodo de generaci\u00f3n de empleos formales de los \u00faltimos cinco a\u00f1os.<br>Se\u00f1al\u00f3 que, seg\u00fan datos del Instituto Mexicano del Seguro Social (IMSS), desde el 2019, previo a la pandemia por la COVID- 19, no se registraba una cifra as\u00ed: \u201cse trata de la mejor cifra de generaci\u00f3n de empleos en un periodo bimestral en cinco a\u00f1os\u201d, explic\u00f3.<\/p>\n\n\n\n<p>Indic\u00f3 que dicha cantidad de puestos de trabajo con prestaciones de ley representan la ruta para mantener en lugar nacional que por historia, cultura e \u00edmpetu de su gente le corresponde a Puebla.<\/p>\n\n\n\n<p>\u201cEs muy importante comentar que seguimos haciendo un esfuerzo permanente y trabajando los tres \u00f3rdenes de gobierno, para buscar que Puebla siga siendo un lugar que atraiga inversiones, que vaya caminando hacia la formalidad y que eso se vea reflejado en mejorar las condiciones de las familias que viven en nuestro estado\u201d, dijo.<\/p>\n\n\n\n<p>El mandatario estatal sostuvo que estas cifras representan una buena noticia para Puebla, pero en especial para la base trabajadora del estado y los egresados de las universidades p\u00fablicas y privada<\/p>\n","protected":false},"excerpt":{"rendered":"<p>En conferencia de prensa, el gobernador Sergio Salom\u00f3n el gobernador Sergio Salom\u00f3n, inform\u00f3 que con 5 mil 334 nuevos puestos de trabajo al cierre del primer bimestre del a\u00f1o (enero- febrero), Puebla registr\u00f3 su mejor periodo de generaci\u00f3n de empleos formales de los \u00faltimos cinco a\u00f1os.Se\u00f1al\u00f3 que, seg\u00fan datos del Instituto Mexicano del Seguro Social [&hellip;]<\/p>\n","protected":false},"author":4,"featured_media":23265,"comment_status":"open","ping_status":"open","sticky":false,"template":"","format":"standard","meta":{"om_disable_all_campaigns":false,"_monsterinsights_skip_tracking":false,"_monsterinsights_sitenote_active":false,"_monsterinsights_sitenote_note":"","_monsterinsights_sitenote_category":0,"footnotes":""},"categories":[175],"tags":[223],"class_list":["post-23264","post","type-post","status-publish","format-standard","has-post-thumbnail","hentry","category-local","tag-puebla"],"amp_enabled":true,"_links":{"self":[{"href":"https:\/\/lahora.mx\/index.php\/wp-json\/wp\/v2\/posts\/23264","targetHints":{"allow":["GET"]}}],"collection":[{"href":"https:\/\/lahora.mx\/index.php\/wp-json\/wp\/v2\/posts"}],"about":[{"href":"https:\/\/lahora.mx\/index.php\/wp-json\/wp\/v2\/types\/post"}],"author":[{"embeddable":true,"href":"https:\/\/lahora.mx\/index.php\/wp-json\/wp\/v2\/users\/4"}],"replies":[{"embeddable":true,"href":"https:\/\/lahora.mx\/index.php\/wp-json\/wp\/v2\/comments?post=23264"}],"version-history":[{"count":1,"href":"https:\/\/lahora.mx\/index.php\/wp-json\/wp\/v2\/posts\/23264\/revisions"}],"predecessor-version":[{"id":23266,"href":"https:\/\/lahora.mx\/index.php\/wp-json\/wp\/v2\/posts\/23264\/revisions\/23266"}],"wp:featuredmedia":[{"embeddable":true,"href":"https:\/\/lahora.mx\/index.php\/wp-json\/wp\/v2\/media\/23265"}],"wp:attachment":[{"href":"https:\/\/lahora.mx\/index.php\/wp-json\/wp\/v2\/media?parent=23264"}],"wp:term":[{"taxonomy":"category","embeddable":true,"href":"https:\/\/lahora.mx\/index.php\/wp-json\/wp\/v2\/categories?post=23264"},{"taxonomy":"post_tag","embeddable":true,"href":"https:\/\/lahora.mx\/index.php\/wp-json\/wp\/v2\/tags?post=23264"}],"curies":[{"name":"wp","href":"https:\/\/api.w.org\/{rel}","templated":true}]}}