{"id":23261,"date":"2023-03-16T22:22:41","date_gmt":"2023-03-16T22:22:41","guid":{"rendered":"http:\/\/lahora.mx\/?p=23261"},"modified":"2023-03-16T22:22:42","modified_gmt":"2023-03-16T22:22:42","slug":"dos-accidentes-mas-del-transporte-publico-en-puebla","status":"publish","type":"post","link":"https:\/\/lahora.mx\/index.php\/2023\/03\/16\/dos-accidentes-mas-del-transporte-publico-en-puebla\/","title":{"rendered":"Dos accidentes m\u00e1s del transporte p\u00fablico en Puebla"},"content":{"rendered":"\n<p>La ma\u00f1ana de este jueves se report\u00f3 un choque del transporte p\u00fablico en la calle 44 oriente y 2 norte, en el que hay al menos 17 personas lesionadas,<br>Ante la volcadura, arrib\u00f3 personal de Protecci\u00f3n Civil municipal y cuerpos de emergencia del Sistema de Urgencias M\u00e9dicas Avanzadas (SUMA) laboran para rescatar a una persona que qued\u00f3 atrapada dentro del vehiculo.<\/p>\n\n\n\n<p>Segundo accidente en 9 Sur y 19 Poniente<\/p>\n\n\n\n<p>Otro accidente se registr\u00f3 en la colonia Chula Vista en la intersecci\u00f3n de la 9 Sur y 19 Poniente, en el que se vieron involucrados una unidad de transporte p\u00fablico y un autom\u00f3vil particular modelo Chevy Monza.<br>Por lo anterior, tres personas resultaron lesionadas, luego de que la ruta Valsequillo impactara al autom\u00f3vil y le hiciera chocar de frente contra un \u00e1rbol.<\/p>\n\n\n\n<p>Cabe recordar que la Secretar\u00eda de Movilidad y Transporte anunci\u00f3 este d\u00eda, que se retomar\u00e1n las revisiones a las unidades de transporte p\u00fablico, esto tras el accidente del pasado martes de una unidad de Galgos del Sur que tras volcar dej\u00f3 a 20 heridos.<\/p>\n","protected":false},"excerpt":{"rendered":"<p>La ma\u00f1ana de este jueves se report\u00f3 un choque del transporte p\u00fablico en la calle 44 oriente y 2 norte, en el que hay al menos 17 personas lesionadas,Ante la volcadura, arrib\u00f3 personal de Protecci\u00f3n Civil municipal y cuerpos de emergencia del Sistema de Urgencias M\u00e9dicas Avanzadas (SUMA) laboran para rescatar a una persona que [&hellip;]<\/p>\n","protected":false},"author":4,"featured_media":23262,"comment_status":"open","ping_status":"open","sticky":false,"template":"","format":"standard","meta":{"om_disable_all_campaigns":false,"_monsterinsights_skip_tracking":false,"_monsterinsights_sitenote_active":false,"_monsterinsights_sitenote_note":"","_monsterinsights_sitenote_category":0,"footnotes":""},"categories":[175],"tags":[223],"class_list":["post-23261","post","type-post","status-publish","format-standard","has-post-thumbnail","hentry","category-local","tag-puebla"],"amp_enabled":true,"_links":{"self":[{"href":"https:\/\/lahora.mx\/index.php\/wp-json\/wp\/v2\/posts\/23261","targetHints":{"allow":["GET"]}}],"collection":[{"href":"https:\/\/lahora.mx\/index.php\/wp-json\/wp\/v2\/posts"}],"about":[{"href":"https:\/\/lahora.mx\/index.php\/wp-json\/wp\/v2\/types\/post"}],"author":[{"embeddable":true,"href":"https:\/\/lahora.mx\/index.php\/wp-json\/wp\/v2\/users\/4"}],"replies":[{"embeddable":true,"href":"https:\/\/lahora.mx\/index.php\/wp-json\/wp\/v2\/comments?post=23261"}],"version-history":[{"count":1,"href":"https:\/\/lahora.mx\/index.php\/wp-json\/wp\/v2\/posts\/23261\/revisions"}],"predecessor-version":[{"id":23263,"href":"https:\/\/lahora.mx\/index.php\/wp-json\/wp\/v2\/posts\/23261\/revisions\/23263"}],"wp:featuredmedia":[{"embeddable":true,"href":"https:\/\/lahora.mx\/index.php\/wp-json\/wp\/v2\/media\/23262"}],"wp:attachment":[{"href":"https:\/\/lahora.mx\/index.php\/wp-json\/wp\/v2\/media?parent=23261"}],"wp:term":[{"taxonomy":"category","embeddable":true,"href":"https:\/\/lahora.mx\/index.php\/wp-json\/wp\/v2\/categories?post=23261"},{"taxonomy":"post_tag","embeddable":true,"href":"https:\/\/lahora.mx\/index.php\/wp-json\/wp\/v2\/tags?post=23261"}],"curies":[{"name":"wp","href":"https:\/\/api.w.org\/{rel}","templated":true}]}}