{"id":23257,"date":"2023-03-16T19:01:03","date_gmt":"2023-03-16T19:01:03","guid":{"rendered":"http:\/\/lahora.mx\/?p=23257"},"modified":"2023-03-16T19:01:04","modified_gmt":"2023-03-16T19:01:04","slug":"mas-de-mil-plazas-en-feria-del-empleo-2023-del-ayuntamiento-de-puebla","status":"publish","type":"post","link":"https:\/\/lahora.mx\/index.php\/2023\/03\/16\/mas-de-mil-plazas-en-feria-del-empleo-2023-del-ayuntamiento-de-puebla\/","title":{"rendered":"M\u00e1s de mil plazas en feria del empleo 2023 del ayuntamiento de Puebla"},"content":{"rendered":"\n<p>La primera &#8216;Feria del Empleo&#8217; del 2023 lleg\u00f3 con una oferta de mil 200 plazas y sueldos de hasta 15 mil pesos, siendo la tercera ocasi\u00f3n que el Ayuntamiento de Puebla -presidido por Eduardo Rivera P\u00e9rez- la organiza a trav\u00e9s de la Secretar\u00eda de Econom\u00eda y Turismo y el Instituto de la Juventud del Municipio (IJMP).<\/p>\n\n\n\n<p>Se trat\u00f3 de un espacio donde las y los poblanos encontraron vacantes de 60 empresas de sectores de servicios, comercio e industria manufacturera, lo que para Alejandro Ca\u00f1edo Priesca, Secretario de Econom\u00eda y Turismo, es una estrategia m\u00e1s de la administraci\u00f3n municipal \u00abque permite a las personas conseguir un trabajo, porque el gobierno no genera empleos, lo hace la iniciativa privada, nosotros s\u00f3lo somos el v\u00ednculo para poder hacer esa conexi\u00f3n\u00bb.<\/p>\n\n\n\n<figure class=\"wp-block-image size-full\"><img fetchpriority=\"high\" decoding=\"async\" width=\"708\" height=\"451\" src=\"https:\/\/lahora.mx\/wp-content\/uploads\/2023\/03\/Captura-de-pantalla-2023-03-16-a-las-13.00.23.png\" alt=\"\" class=\"wp-image-23259\" srcset=\"https:\/\/lahora.mx\/wp-content\/uploads\/2023\/03\/Captura-de-pantalla-2023-03-16-a-las-13.00.23.png 708w, https:\/\/lahora.mx\/wp-content\/uploads\/2023\/03\/Captura-de-pantalla-2023-03-16-a-las-13.00.23-300x191.png 300w\" sizes=\"(max-width: 708px) 100vw, 708px\" \/><\/figure>\n\n\n\n<p>Por su parte, Karla Mart\u00ednez Lechuga, Directora del IJMP, resalt\u00f3 que esta es una oportunidad especial para el crecimiento de las y los j\u00f3venes, as\u00ed como una medida para combatir el desempleo en este sector de la poblaci\u00f3n; a trav\u00e9s del acercamiento con emprendedores como Mar\u00eda Fernanda L\u00f3pez Mellado de Mercer\u00eda y Jugueter\u00eda El Le\u00f3n.<\/p>\n\n\n\n<p>Cabe destacar que el a\u00f1o pasado se tuvieron dos ediciones de Feria del Empleo para la vinculaci\u00f3n laboral exitosa, lo que es muestra de que la reactivaci\u00f3n econ\u00f3mica familiar va por buen rumbo.<\/p>\n","protected":false},"excerpt":{"rendered":"<p>La primera &#8216;Feria del Empleo&#8217; del 2023 lleg\u00f3 con una oferta de mil 200 plazas y sueldos de hasta 15 mil pesos, siendo la tercera ocasi\u00f3n que el Ayuntamiento de Puebla -presidido por Eduardo Rivera P\u00e9rez- la organiza a trav\u00e9s de la Secretar\u00eda de Econom\u00eda y Turismo y el Instituto de la Juventud del Municipio [&hellip;]<\/p>\n","protected":false},"author":4,"featured_media":23258,"comment_status":"open","ping_status":"open","sticky":false,"template":"","format":"standard","meta":{"om_disable_all_campaigns":false,"_monsterinsights_skip_tracking":false,"_monsterinsights_sitenote_active":false,"_monsterinsights_sitenote_note":"","_monsterinsights_sitenote_category":0,"footnotes":""},"categories":[175],"tags":[223],"class_list":["post-23257","post","type-post","status-publish","format-standard","has-post-thumbnail","hentry","category-local","tag-puebla"],"amp_enabled":true,"_links":{"self":[{"href":"https:\/\/lahora.mx\/index.php\/wp-json\/wp\/v2\/posts\/23257","targetHints":{"allow":["GET"]}}],"collection":[{"href":"https:\/\/lahora.mx\/index.php\/wp-json\/wp\/v2\/posts"}],"about":[{"href":"https:\/\/lahora.mx\/index.php\/wp-json\/wp\/v2\/types\/post"}],"author":[{"embeddable":true,"href":"https:\/\/lahora.mx\/index.php\/wp-json\/wp\/v2\/users\/4"}],"replies":[{"embeddable":true,"href":"https:\/\/lahora.mx\/index.php\/wp-json\/wp\/v2\/comments?post=23257"}],"version-history":[{"count":1,"href":"https:\/\/lahora.mx\/index.php\/wp-json\/wp\/v2\/posts\/23257\/revisions"}],"predecessor-version":[{"id":23260,"href":"https:\/\/lahora.mx\/index.php\/wp-json\/wp\/v2\/posts\/23257\/revisions\/23260"}],"wp:featuredmedia":[{"embeddable":true,"href":"https:\/\/lahora.mx\/index.php\/wp-json\/wp\/v2\/media\/23258"}],"wp:attachment":[{"href":"https:\/\/lahora.mx\/index.php\/wp-json\/wp\/v2\/media?parent=23257"}],"wp:term":[{"taxonomy":"category","embeddable":true,"href":"https:\/\/lahora.mx\/index.php\/wp-json\/wp\/v2\/categories?post=23257"},{"taxonomy":"post_tag","embeddable":true,"href":"https:\/\/lahora.mx\/index.php\/wp-json\/wp\/v2\/tags?post=23257"}],"curies":[{"name":"wp","href":"https:\/\/api.w.org\/{rel}","templated":true}]}}