{"id":23254,"date":"2023-03-16T18:55:31","date_gmt":"2023-03-16T18:55:31","guid":{"rendered":"http:\/\/lahora.mx\/?p=23254"},"modified":"2023-03-16T18:55:33","modified_gmt":"2023-03-16T18:55:33","slug":"gobierno-de-puebla-abre-demanda-penal-contra-galgos-del-sur-tras-volcadura","status":"publish","type":"post","link":"https:\/\/lahora.mx\/index.php\/2023\/03\/16\/gobierno-de-puebla-abre-demanda-penal-contra-galgos-del-sur-tras-volcadura\/","title":{"rendered":"Gobierno de Puebla abre demanda penal contra Galgos del Sur tras volcadura"},"content":{"rendered":"\n<p>El titular de la Secretar\u00eda de Movilidad y Transporte estatal, Omar \u00c1lvarez Arronte, inform\u00f3 que se abri\u00f3 una carpeta de investigaci\u00f3n en contra de los dos titulares de la concesi\u00f3n de la ruta Galgos del Sur por el accidente registrado el pasado 14 de marzo en la ciudad de Puebla.<\/p>\n\n\n\n<p>En rueda de prensa, el funcionario estatal se\u00f1al\u00f3 que en los primeros tres meses del a\u00f1o, la ruta Galgos del Sur encabeza la mayor\u00eda de denuncias por usuarios del transporte p\u00fablico.<br>Precis\u00f3 que al momento se tienen registradas 17 quejas en contra de la unidad 57, n\u00famero de concesi\u00f3n 20795, misma que estuvo involucrada en el percance del pasado 14 de marzo en la 109 Oriente y 16 de Septiembre al sur de la ciudad de Puebla.<\/p>\n\n\n\n<p>Indic\u00f3 que al momento del suceso se trasladaron al sitio personal de la direcci\u00f3n de Inspecci\u00f3n y Vigilancia de la Secretar\u00eda de Movilidad y Transporte, quienes detectaron irregularidades en la operaci\u00f3n de la unidad.<br>En primer lugar, mencion\u00f3 que las placas de circulaci\u00f3n 654494S con las que operaba el veh\u00edculo hab\u00edan sido dadas de baja desde 2015, mismas que inicialmente fueron otorgadas a la unidad 38 de la ruta 20.<\/p>\n\n\n\n<p>Al respecto, el secretario de Movilidad declar\u00f3 que los lesionados por el accidente fueron trasladados al Hospital de Traumatolog\u00eda y Ortopedia para su valoraci\u00f3n m\u00e9dica.<\/p>\n\n\n\n<p>En tanto que se proceder\u00e1 a suspender la concesi\u00f3n de la unidad, se abri\u00f3 la carpeta de investigaci\u00f3n FJEP\/CDI\/FIM\/FIM-1\/004865\/2023 en contra de Omar Delfino N y Aurelio N, quienes se ostentan como titulares de la concesi\u00f3n a fin de fincar responsabilidades.<\/p>\n\n\n\n<p>Por otra parte, se\u00f1al\u00f3 que la noche de ayer, mi\u00e9rcoles 15 de marzo se registr\u00f3 otro accidente en la 4 Poniente y 17 Norte, donde una mujer se cay\u00f3 de la unidad 9 ruta 12A con placas de circulaci\u00f3n 1604SSPM y n\u00famero de concesi\u00f3n 1713, misma que intentaba ganarle al sem\u00e1foro.<\/p>\n\n\n\n<p>Sobre este hecho detall\u00f3 que la unidad estaba en regla, sin embargo, el \u00fanico inconveniente que se present\u00f3 es que la aseguradora de la concesionaria se neg\u00f3 a pagar la valoraci\u00f3n m\u00e9dica de la mujer, la cual fue subsanado por el titular de la concesi\u00f3n.<\/p>\n\n\n\n<p>Por ello, \u00c1lvarez Arronte se\u00f1al\u00f3 que la dependencia a su cargo buscar\u00e1 reactivar la revisi\u00f3n de la revista vehicular en la ciudad de Puebla y al interior de la entidad.<\/p>\n\n\n\n<p>Por su parte, el gobernador Sergio Salom\u00f3n C\u00e9spedes Peregrina exhort\u00f3 a los concesionarios del transporte p\u00fablico a la autoregulaci\u00f3n, as\u00ed como a trabajar dentro del marco de la ley y en coordinaci\u00f3n con la Secretar\u00eda de Movilidad a fin de mejorar el servicio que brindan.<\/p>\n\n\n\n<p>\u00abEl llamado es a todos los concesionarios, sabemos que es importante una sana relaci\u00f3n entre las autoridades y los concesionarios, sobre todo para que se puedan ellos conducir dentro del marco de la ley por eso es que los invitamos a que acudan a la Secretar\u00eda de Movilidad\u00bb.<\/p>\n","protected":false},"excerpt":{"rendered":"<p>El titular de la Secretar\u00eda de Movilidad y Transporte estatal, Omar \u00c1lvarez Arronte, inform\u00f3 que se abri\u00f3 una carpeta de investigaci\u00f3n en contra de los dos titulares de la concesi\u00f3n de la ruta Galgos del Sur por el accidente registrado el pasado 14 de marzo en la ciudad de Puebla. En rueda de prensa, el [&hellip;]<\/p>\n","protected":false},"author":4,"featured_media":23255,"comment_status":"open","ping_status":"open","sticky":false,"template":"","format":"standard","meta":{"om_disable_all_campaigns":false,"_monsterinsights_skip_tracking":false,"_monsterinsights_sitenote_active":false,"_monsterinsights_sitenote_note":"","_monsterinsights_sitenote_category":0,"footnotes":""},"categories":[175],"tags":[195,223],"class_list":["post-23254","post","type-post","status-publish","format-standard","has-post-thumbnail","hentry","category-local","tag-principal","tag-puebla"],"amp_enabled":true,"_links":{"self":[{"href":"https:\/\/lahora.mx\/index.php\/wp-json\/wp\/v2\/posts\/23254","targetHints":{"allow":["GET"]}}],"collection":[{"href":"https:\/\/lahora.mx\/index.php\/wp-json\/wp\/v2\/posts"}],"about":[{"href":"https:\/\/lahora.mx\/index.php\/wp-json\/wp\/v2\/types\/post"}],"author":[{"embeddable":true,"href":"https:\/\/lahora.mx\/index.php\/wp-json\/wp\/v2\/users\/4"}],"replies":[{"embeddable":true,"href":"https:\/\/lahora.mx\/index.php\/wp-json\/wp\/v2\/comments?post=23254"}],"version-history":[{"count":1,"href":"https:\/\/lahora.mx\/index.php\/wp-json\/wp\/v2\/posts\/23254\/revisions"}],"predecessor-version":[{"id":23256,"href":"https:\/\/lahora.mx\/index.php\/wp-json\/wp\/v2\/posts\/23254\/revisions\/23256"}],"wp:featuredmedia":[{"embeddable":true,"href":"https:\/\/lahora.mx\/index.php\/wp-json\/wp\/v2\/media\/23255"}],"wp:attachment":[{"href":"https:\/\/lahora.mx\/index.php\/wp-json\/wp\/v2\/media?parent=23254"}],"wp:term":[{"taxonomy":"category","embeddable":true,"href":"https:\/\/lahora.mx\/index.php\/wp-json\/wp\/v2\/categories?post=23254"},{"taxonomy":"post_tag","embeddable":true,"href":"https:\/\/lahora.mx\/index.php\/wp-json\/wp\/v2\/tags?post=23254"}],"curies":[{"name":"wp","href":"https:\/\/api.w.org\/{rel}","templated":true}]}}