{"id":23237,"date":"2023-03-16T01:22:09","date_gmt":"2023-03-16T01:22:09","guid":{"rendered":"http:\/\/lahora.mx\/?p=23237"},"modified":"2023-03-16T01:22:11","modified_gmt":"2023-03-16T01:22:11","slug":"recibe-pleno-iniciativa-para-implementar-mecanismos-que-prevengan-violencia-en-las-escuelas","status":"publish","type":"post","link":"https:\/\/lahora.mx\/index.php\/2023\/03\/16\/recibe-pleno-iniciativa-para-implementar-mecanismos-que-prevengan-violencia-en-las-escuelas\/","title":{"rendered":"Recibe Pleno iniciativa para implementar mecanismos que prevengan violencia en las escuelas"},"content":{"rendered":"\n<p>El Pleno de la LXI Legislatura recibi\u00f3 el dictamen con minuta de decreto por el que se realizan reformas a la Ley de los Derechos de las Ni\u00f1as, Ni\u00f1os y Adolescentes para establecer que las autoridades deber\u00e1n garantizar la una educaci\u00f3n de calidad, igualdad sustantiva e instrumentar mecanismos para la prevenci\u00f3n de los casos de cualquier forma de violencia en los centros educativos.<\/p>\n\n\n\n<p>El dictamen fue presentado por el diputado Oswaldo Jim\u00e9nez L\u00f3pez quien propuso modificaciones a la fracci\u00f3n VI del art\u00edculo 48 de la Ley de los Derechos de las Ni\u00f1as, Ni\u00f1os y Adolescentes del Estado para homologarla con la Ley General en la Materia, con lo que garantizar\u00e1n, mediante mecanismos, la prevenci\u00f3n, atenci\u00f3n, canalizaci\u00f3n y seguimiento de los casos de maltrato, perjuicio, da\u00f1o, agresi\u00f3n, abuso sexual o cualquier otra forma de violencia que se suscite hacia ni\u00f1as, ni\u00f1os y adolescentes en los centros educativos del estado, que constituyan violaciones a su derecho a la educaci\u00f3n.<\/p>\n\n\n\n<p>El dictamen fue turnado a la Comisi\u00f3n de la Familia y los Derechos de la Ni\u00f1ez para su an\u00e1lisis y resoluci\u00f3n correspondiente.<\/p>\n\n\n\n<p>En otro momento de la sesi\u00f3n, la diputada Karla Rodr\u00edguez Palacios propuso reformas a la Ley de Desarrollo Forestal Sustentable del Estado para que el Sistema Estatal de Prevenci\u00f3n, Combate y Control de Incendios Forestales, se conduzca de acuerdo con las normas e informe a la poblaci\u00f3n sobre las medidas de prevenci\u00f3n contra estos incidentes.<\/p>\n\n\n\n<p>El dictamen fue turnado a la Comisi\u00f3n de Medio Ambiente, Recursos Naturales y Cambio Clim\u00e1tico para su an\u00e1lisis y resoluci\u00f3n correspondiente.<\/p>\n\n\n\n<p>Como parte del orden del d\u00eda diputada Ruth Z\u00e1rate Dom\u00ednguez propuso que se declare el \u201c30 de Septiembre, el D\u00eda Estatal del Papel Picado a Mano\u201d, mismo dictamen que fue turnado a la Comisi\u00f3n de Cultura para su an\u00e1lisis y resoluci\u00f3n correspondiente.<\/p>\n\n\n\n<p>Lo anterior con base en que el 30 de septiembre de 1998 el Ejecutivo del Estado declaro al papel picado a mano del Municipio de San Salvador Huixcolotla, como \u201cPatrimonio Cultural del Estado de Puebla\u201d, para preservar, promover y difundir esta tradici\u00f3n en beneficio de los habitantes de la regi\u00f3n, conforme al procedimiento tradicional que se origin\u00f3 a finales del siglo XIX y que consiste en un sistema de golpeteo manual directo, a base de cinceles con punta de diferentes formas y tama\u00f1os a martillo y planchuela de plomo, sobre papel.<\/p>\n\n\n\n<p>En la sesi\u00f3n, la diputada Guadalupe Yamak Taja propuso un Punto de Acuerdo por el que solicita exhortar a los municipios del estado a que intensifiquen campa\u00f1as de esterilizaci\u00f3n, reporte de perros y gatos en abandono, vacunaci\u00f3n antirr\u00e1bica y concientizaci\u00f3n a la ciudadan\u00eda en general sobre la importancia de la prevenci\u00f3n de la rabia en humanos.<\/p>\n\n\n\n<p>El dictamen fue turnado a la Comisi\u00f3n de Asuntos Municipales para su an\u00e1lisis y resoluci\u00f3n correspondiente.<\/p>\n\n\n\n<p>TURNAN DIVERSOS ASUNTOS<br>La Mesa Directiva turn\u00f3 a sus respectivas comisiones los siguientes asuntos:<br>Iniciativa de Decreto que presenta la diputada Karla Victoria Mart\u00ednez Gallegos, por el que se reforma la fracci\u00f3n V del art\u00edculo 6 y se adicionan un segundo p\u00e1rrafo a la fracci\u00f3n IV del art\u00edculo 31 y un segundo p\u00e1rrafo al art\u00edculo 33 de la Ley de V\u00edctimas del Estado de Puebla, para establecer que se les brinde a las v\u00edctimas de violencia \u00e1cida la atenci\u00f3n m\u00e9dica, en especial y acceso a cirug\u00edas reconstructivas.<\/p>\n\n\n\n<p>El dictamen fue turnado a la Comisi\u00f3n de Procuraci\u00f3n y Administraci\u00f3n de Justicia.<\/p>\n\n\n\n<p>Iniciativa de Decreto que presenta el diputado Fernando Morales Mart\u00ednez, por el que se expide la Ley del Sistema de Cuidados Integrales para el Estado de Puebla. para la promoci\u00f3n del desarrollo de la autonom\u00eda de personas en situaci\u00f3n de dependencia y su atenci\u00f3n mediante la creaci\u00f3n del Sistema de Cuidados Integrales para el Estado.<\/p>\n\n\n\n<p>El dictamen fue turnado a las Comisiones Unidas de la Familia y los Derechos de la Ni\u00f1ez y de Grupos Vulnerables.<\/p>\n\n\n\n<p>Iniciativa de Decreto que presenta la diputada Iliana Jocelyn Olivares L\u00f3pez, por el que se reforman las fracciones III, IV y se adicionan las fracciones V y VI al art\u00edculo 1 de la Ley de Cultura del Estado de Puebla para disminuir las desigualdades entre las personas durante la promoci\u00f3n de las expresiones culturales materiales e inmateriales.<\/p>\n\n\n\n<p>El dictamen fue turnado a la Comisi\u00f3n de Cultura.<br>Iniciativa de Decreto que presenta la diputada Nancy Jim\u00e9nez Morales, por el que se reforma el art\u00edculo 60 y se adiciona un p\u00e1rrafo segundo al art\u00edculo 1 de la Ley de Adquisiciones, Arrendamientos y Servicios para establecer que todos estos procedimientos se regir\u00e1n bajo los principios de \u00e9tica, transparencia y m\u00e1xima publicidad y los recursos para tal acci\u00f3n se administrar\u00e1n con transparencia y eficacia.<\/p>\n\n\n\n<p>El dictamen fue turnado a la Comisi\u00f3n de Hacienda y Patrimonio Municipal.<\/p>\n","protected":false},"excerpt":{"rendered":"<p>El Pleno de la LXI Legislatura recibi\u00f3 el dictamen con minuta de decreto por el que se realizan reformas a la Ley de los Derechos de las Ni\u00f1as, Ni\u00f1os y Adolescentes para establecer que las autoridades deber\u00e1n garantizar la una educaci\u00f3n de calidad, igualdad sustantiva e instrumentar mecanismos para la prevenci\u00f3n de los casos de [&hellip;]<\/p>\n","protected":false},"author":4,"featured_media":23238,"comment_status":"open","ping_status":"open","sticky":false,"template":"","format":"standard","meta":{"om_disable_all_campaigns":false,"_monsterinsights_skip_tracking":false,"_monsterinsights_sitenote_active":false,"_monsterinsights_sitenote_note":"","_monsterinsights_sitenote_category":0,"footnotes":""},"categories":[175],"tags":[227,223],"class_list":["post-23237","post","type-post","status-publish","format-standard","has-post-thumbnail","hentry","category-local","tag-congreso","tag-puebla"],"amp_enabled":true,"_links":{"self":[{"href":"https:\/\/lahora.mx\/index.php\/wp-json\/wp\/v2\/posts\/23237","targetHints":{"allow":["GET"]}}],"collection":[{"href":"https:\/\/lahora.mx\/index.php\/wp-json\/wp\/v2\/posts"}],"about":[{"href":"https:\/\/lahora.mx\/index.php\/wp-json\/wp\/v2\/types\/post"}],"author":[{"embeddable":true,"href":"https:\/\/lahora.mx\/index.php\/wp-json\/wp\/v2\/users\/4"}],"replies":[{"embeddable":true,"href":"https:\/\/lahora.mx\/index.php\/wp-json\/wp\/v2\/comments?post=23237"}],"version-history":[{"count":1,"href":"https:\/\/lahora.mx\/index.php\/wp-json\/wp\/v2\/posts\/23237\/revisions"}],"predecessor-version":[{"id":23239,"href":"https:\/\/lahora.mx\/index.php\/wp-json\/wp\/v2\/posts\/23237\/revisions\/23239"}],"wp:featuredmedia":[{"embeddable":true,"href":"https:\/\/lahora.mx\/index.php\/wp-json\/wp\/v2\/media\/23238"}],"wp:attachment":[{"href":"https:\/\/lahora.mx\/index.php\/wp-json\/wp\/v2\/media?parent=23237"}],"wp:term":[{"taxonomy":"category","embeddable":true,"href":"https:\/\/lahora.mx\/index.php\/wp-json\/wp\/v2\/categories?post=23237"},{"taxonomy":"post_tag","embeddable":true,"href":"https:\/\/lahora.mx\/index.php\/wp-json\/wp\/v2\/tags?post=23237"}],"curies":[{"name":"wp","href":"https:\/\/api.w.org\/{rel}","templated":true}]}}