{"id":23203,"date":"2023-03-15T23:54:21","date_gmt":"2023-03-15T23:54:21","guid":{"rendered":"http:\/\/lahora.mx\/?p=23203"},"modified":"2023-03-15T23:54:22","modified_gmt":"2023-03-15T23:54:22","slug":"exhiben-a-padres-deudores-en-pleno-zocalo-de-puebla","status":"publish","type":"post","link":"https:\/\/lahora.mx\/index.php\/2023\/03\/15\/exhiben-a-padres-deudores-en-pleno-zocalo-de-puebla\/","title":{"rendered":"Exhiben a padres deudores en pleno Z\u00f3calo de Puebla"},"content":{"rendered":"\n<p>Puebla es la segunda entidad con el mayor \u00edndice de deudores por pensi\u00f3n alimenticia en el pa\u00eds, revel\u00f3 la activista Diana Luz V\u00e1zquez, impulsora de la Ley Sabina a nivel nacional y estatal durante la jornada activista del Tendedero de Denuncia de Deudores Alimentarios.<\/p>\n\n\n\n<p>Diana Luz afirm\u00f3 que se estima que, en el estado de Puebla, m\u00e1s 800 mil mujeres son aut\u00f3nomas en la manutenci\u00f3n de sus hijas e hijos, situaci\u00f3n derivada de la ausencia de los padres que a la par se convierten en deudores alimentarios.<br>Activistas y diputadas, colocan el Tendedero de Deudores Alimentarios en donde exhiben las fotograf\u00edas de quienes acusan de falta de manutenci\u00f3n. La iniciativa es impulsada por Diana Luz Vazquez, impulsora de la #LeySabina en M\u00e9xico | V\u00eda @codigoramos <br>Puebla junto con el estado de Oaxaca, afirma, presentan un alto \u00edndice de deudores alimentarios, sin embargo, al haber una falta de registro, no se puede totalizar el n\u00famero de hombres que omiten la pensi\u00f3n alimenticia.<\/p>\n\n\n\n<p>Sus estimaciones se\u00f1alan que entre ambos estados, cerca del 30 por ciento de las maternidades son aut\u00f3nomas.<\/p>\n\n\n\n<p>La instalaci\u00f3n del Tendedero de Denuncia de Deudores Alimentarios se llev\u00f3 a cabo la ma\u00f1ana de este mi\u00e9rcoles en el z\u00f3calo de la ciudad de Puebla, en el cual se colocaron fotos de hombres que son se\u00f1alados de omitir el pago de manutenci\u00f3n de sus hijas e hijos.<\/p>\n\n\n\n<p>Esta denuncia colectiva se da en medio del impulso de la Ley Sabina en el estado de Puebla que busca principalmente la creaci\u00f3n de un registro estatal p\u00fablico de deudores alimentarios, afirma la activista Diana Luz V\u00e1zquez.<\/p>\n\n\n\n<p>Hace falta una legislaci\u00f3n operativa, se\u00f1ala, que permita que los deudores alimentarios no tengan acceso a una licencia de manejo, por ejemplo, o que se vean impedidos en volver a contraer matrimonio, adem\u00e1s de que se les ingrese a la Unidad de Inteligencia Financiera para revisar sus ingresos y as\u00ed dejar de excusar su falta de manutenci\u00f3n.<\/p>\n\n\n\n<p>A la par, se exige que quienes sean deudores alimentarios no puedan obtener cargos en la administraci\u00f3n p\u00fablica hasta que se demuestre la aportaci\u00f3n econ\u00f3mica de la manutenci\u00f3n de las hijas e hijos.<\/p>\n\n\n\n<p>Actualmente, no existe un registro en el pa\u00eds de deudores alimentarios, una iniciativa que llevar\u00eda atorada cerca de 20 a\u00f1os en el Congreso de la Uni\u00f3n.<\/p>\n\n\n\n<p>Desde su impulso de la llamada Ley Sabina, se prev\u00e9 que Puebla se sume a los 22 registros ya aprobados en diferentes entidades de la Rep\u00fablica.<\/p>\n\n\n\n<p>A pesar de que \u00e9stos 22 registros en el pa\u00eds fueron aprobados a partir de 2020, cuando la pandemia dej\u00f3 ver los efectos de la falta de pensi\u00f3n alimenticia por parte de padres ausentes, solamente ocho operan.<\/p>\n\n\n\n<p>Con ello, la Ley Sabina tiene el prop\u00f3sito de resanar los recovecos actuales sobre los que versan dichas disposiciones, que para t\u00e9rminos pr\u00e1cticos, no est\u00e1n dando resultados.<\/p>\n\n\n\n<p>La activista asegur\u00f3 que entre 2020 y 2022, a nivel nacional, por cada 10 divorcios que se dieron durante la pandemia, siete hombres no est\u00e1n cumpliendo con la pensi\u00f3n alimenticia, es decir que cerca de 60 millones de infancias se encuentran en abandono por parte de padres ausentes.<\/p>\n\n\n\n<p>Se\u00f1al\u00f3 que las mediciones del Instituto Nacional de Estad\u00edstica, Geograf\u00eda e Iform\u00e1tica (Inegi) son sesgadas, ya que la estad\u00edstica del n\u00famero de hijas e hijos se obtiene de las respuestas de las madres, no obstante, asegura, no se obtiene el dato por parte de los hombres de cu\u00e1ntas hijas e hijos realmente tienen cada uno de ellos.<\/p>\n\n\n\n<p>Acusa que la falta de justicia tambi\u00e9n se debe a la cultura machista permeada en el Poder Judicial de la federaci\u00f3n, ya que jueces y actuarios desestiman las necesidades de las madres que tienen un proceso de manutenci\u00f3n.<\/p>\n\n\n\n<p>\u201cLos ministerios p\u00fablicos deber\u00edan tener la facultad de recibir a toda mujer que se acerque incluso estando embarazadas, que tenga la intenci\u00f3n de iniciar una demanda contra deudores alimentarios\u201d, declar\u00f3.<br>Un registro estatal de deudores alimentarios, alude, permitir\u00eda reconfigurar incluso las relaciones de las mujeres con los hombres, al conocer por ejemplo si con quien mantienen un noviazgo o una relaci\u00f3n sin formalidad cuenta con hijas e hijos a las cuales no les aporta una pensi\u00f3n alimenticia o si est\u00e1n siendo sujetos a un proceso legal por manutenci\u00f3n.<\/p>\n\n\n\n<p>\u00bfQu\u00e9 es un deudor alimentario?<br>Seg\u00fan el Tribunal Superior de Justicia, un deudor alimentario es toda aquella persona que despu\u00e9s de un juicio iniciado por parte de la madre de las o los hijos, ha dejado de aportar el monto econ\u00f3mico acordado, para la manutenci\u00f3n obligatoria de los mismos.<\/p>\n\n\n\n<p>En entidades como la Ciudad de M\u00e9xico, despu\u00e9s de cumplirse 90 d\u00edas de que el responsable ha dejado de aportar econ\u00f3micamente el pago econ\u00f3mico por el concepto de la manutenci\u00f3n, se convierte en un supuesto denominado deudor alimentario moroso.<\/p>\n\n\n\n<p>En estados donde la legislaci\u00f3n vigente prev\u00e9 un Registro de Deudores Alimentarios Morosos, es el Registro Civil el encargado de inscribir a quienes omiten la aportaci\u00f3n econ\u00f3mica a fin de conocer su situaci\u00f3n jur\u00eddica y as\u00ed evitar contraer un segundo matrimonio o que en su caso, deje de excusarse con un bajo nivel de ingresos como instrumento dar un pago menor al que se hab\u00eda acordado.<\/p>\n\n\n\n<p>Durante los seis a\u00f1os de vida de su peque\u00f1a, de nombre Sabina, Diana Luz se ha hecho cargo ella sola de la manutenci\u00f3n de la menor.<\/p>\n\n\n\n<p>Fue hasta despu\u00e9s de tres a\u00f1os desde que Sabina naci\u00f3, cuando por fin el padre fue capaz de responder a los llamados por tel\u00e9fono m\u00f3vil por parte de Diana Luz, fecha desde la cual comenz\u00f3 el proceso legal.<\/p>\n\n\n\n<p>El padre de Sabina, desde que antes que ella naciera, se desentendi\u00f3 de la paternidad, como acusa Diana Luz.<\/p>\n\n\n\n<p>A partir de que el tendedero fue activado en diferentes lugares p\u00fablicos, el padre de Sabina ya lleva un a\u00f1o cumpliendo con la pensi\u00f3n alimenticia.<\/p>\n\n\n\n<p>\u200bDiana Luz ha convertido su autom\u00f3vil en lo que ella denomina \u201cpatrulla feminista\u201d, en la cual convoca a varias compa\u00f1eras para poder realizar activismo colocando tendederos que exhiben a deudores alimentarios en 14 diferentes estados del pa\u00eds.<\/p>\n\n\n\n<p>\u201cQue las mujeres de Puebla pierdan el miedo, que este tendedero sea el primero de muchos y que los se\u00f1ores que aqu\u00ed se exhiben no se enojen y dejen de amenazar a las madres y hostigarlas, y que al final de cuentas paguen. Es el derecho de las infancias\u201d.<br>Agrega que el da\u00f1o a las infancias no solamente radica en la falta de manutenci\u00f3n econ\u00f3mica, sino tambi\u00e9n es implicado el abandono emocional al que se exponen las familias.<\/p>\n\n\n\n<p>A pesar de que Diana Luz y su hija Sabina se trasladaron a la Ciudad de M\u00e9xico en b\u00fasqueda de justicia, asegura que no todas las mujeres tienen la oportunidad de emprender viajes ni siquiera para profesionalizarse.<\/p>\n\n\n\n<p>Tras el hecho de buscar el sustento familiar, se deja al margen la estabilidad de salud f\u00edsica y mental de las mujeres, quienes deben aportar el doble de tiempo y de trabajo para poder subsistir, a trav\u00e9s de ventas por cat\u00e1logo, por ejemplo.<\/p>\n\n\n\n<p>\u201cSi la criatura te dice \u2018mam\u00e1 tengo hambre\u2019, no les podemos decir \u2018pues no tengo\u2019, como s\u00ed lo hacen sus padres deudores alimentarios. Nosotras tenemos que ver c\u00f3mo le hacemos, buscar vender por cat\u00e1logo, un trabajo en la ma\u00f1ana y otro en la tarde\u201d.<br>Sheridan, otra voz que dej\u00f3 el miedo<br>Sheridan es estilista profesional, tiene una est\u00e9tica que fue emprendida con apoyo de su pareja y padre de sus dos hijas.<\/p>\n\n\n\n<p>\u00c9l se encarg\u00f3 de la programaci\u00f3n de la p\u00e1gina de internet con la que se publicitaba, porque a partir de que \u00e9l abandon\u00f3 el hogar, tambi\u00e9n se encarg\u00f3 de tirarle la p\u00e1gina a Sheridan en se\u00f1al de represalia por haber pedido su manutenci\u00f3n.<\/p>\n\n\n\n<p>Durante 11 a\u00f1os estuvo casada con quien con el tiempo se convirti\u00f3 en su agresor f\u00edsico y emocional, por lo cual se encuentra denunciado.<\/p>\n\n\n\n<p>A partir de que Sheridan decidi\u00f3 alejarse de \u00e9l e iniciar los juicios de divorcio y manutenci\u00f3n de sus dos hijas, el hombre tambi\u00e9n tom\u00f3 la decisi\u00f3n de no volver a saber ni hacerse cargo de ellas.<\/p>\n\n\n\n<p>\u201cHasta el d\u00eda de hoy, yo hab\u00eda mantenido la calma, porque prefiero mi tranquilidad, pero el se\u00f1or empez\u00f3 a meterse con mi trabajo. Entonces decid\u00ed que si no me da, tampoco tiene el derecho de quitarme\u201d.<br>Las dos menores, una de 15 y otra de 16 a\u00f1os no han visto ning\u00fan resultado de la demanda iniciada desde hace seis meses. Mucho menos desde los cuatro a\u00f1os que sus padres ya no viven juntos.<\/p>\n\n\n\n<p>Lo m\u00e1s f\u00e1cil para \u00e9l es haberlas bloqueado de todas las v\u00edas de comunicaci\u00f3n. Es la familia de \u00e9l la que ha mantenido comunicaci\u00f3n con ellas, pero no para apoyar con la pensi\u00f3n alimenticia, sino para burlarse y reprochar a Sheridan que ella sola puede valerse de su negocio para mantener a las chicas.<\/p>\n","protected":false},"excerpt":{"rendered":"<p>Puebla es la segunda entidad con el mayor \u00edndice de deudores por pensi\u00f3n alimenticia en el pa\u00eds, revel\u00f3 la activista Diana Luz V\u00e1zquez, impulsora de la Ley Sabina a nivel nacional y estatal durante la jornada activista del Tendedero de Denuncia de Deudores Alimentarios. Diana Luz afirm\u00f3 que se estima que, en el estado de [&hellip;]<\/p>\n","protected":false},"author":4,"featured_media":23205,"comment_status":"open","ping_status":"open","sticky":false,"template":"","format":"standard","meta":{"om_disable_all_campaigns":false,"_monsterinsights_skip_tracking":false,"_monsterinsights_sitenote_active":false,"_monsterinsights_sitenote_note":"","_monsterinsights_sitenote_category":0,"footnotes":""},"categories":[175],"tags":[195,223],"class_list":["post-23203","post","type-post","status-publish","format-standard","has-post-thumbnail","hentry","category-local","tag-principal","tag-puebla"],"amp_enabled":true,"_links":{"self":[{"href":"https:\/\/lahora.mx\/index.php\/wp-json\/wp\/v2\/posts\/23203","targetHints":{"allow":["GET"]}}],"collection":[{"href":"https:\/\/lahora.mx\/index.php\/wp-json\/wp\/v2\/posts"}],"about":[{"href":"https:\/\/lahora.mx\/index.php\/wp-json\/wp\/v2\/types\/post"}],"author":[{"embeddable":true,"href":"https:\/\/lahora.mx\/index.php\/wp-json\/wp\/v2\/users\/4"}],"replies":[{"embeddable":true,"href":"https:\/\/lahora.mx\/index.php\/wp-json\/wp\/v2\/comments?post=23203"}],"version-history":[{"count":1,"href":"https:\/\/lahora.mx\/index.php\/wp-json\/wp\/v2\/posts\/23203\/revisions"}],"predecessor-version":[{"id":23206,"href":"https:\/\/lahora.mx\/index.php\/wp-json\/wp\/v2\/posts\/23203\/revisions\/23206"}],"wp:featuredmedia":[{"embeddable":true,"href":"https:\/\/lahora.mx\/index.php\/wp-json\/wp\/v2\/media\/23205"}],"wp:attachment":[{"href":"https:\/\/lahora.mx\/index.php\/wp-json\/wp\/v2\/media?parent=23203"}],"wp:term":[{"taxonomy":"category","embeddable":true,"href":"https:\/\/lahora.mx\/index.php\/wp-json\/wp\/v2\/categories?post=23203"},{"taxonomy":"post_tag","embeddable":true,"href":"https:\/\/lahora.mx\/index.php\/wp-json\/wp\/v2\/tags?post=23203"}],"curies":[{"name":"wp","href":"https:\/\/api.w.org\/{rel}","templated":true}]}}