{"id":23063,"date":"2023-03-14T00:36:02","date_gmt":"2023-03-14T00:36:02","guid":{"rendered":"http:\/\/lahora.mx\/?p=23063"},"modified":"2023-03-14T00:36:02","modified_gmt":"2023-03-14T00:36:02","slug":"el-gobernador-cespedes-licitara-intervencion-del-parque-paseo-de-gigantes","status":"publish","type":"post","link":"https:\/\/lahora.mx\/index.php\/2023\/03\/14\/el-gobernador-cespedes-licitara-intervencion-del-parque-paseo-de-gigantes\/","title":{"rendered":"El gobernador C\u00e9spedes licitar\u00e1 intervenci\u00f3n del Parque Paseo de Gigantes"},"content":{"rendered":"\n<p>El gobernador del estado, Sergio Salom\u00f3n C\u00e9spedes Peregrina inform\u00f3 que se publicar\u00e1 una licitaci\u00f3n para la intervenci\u00f3n del Parque Paseo de Gigantes ubicado en el Complejo La Constancia de la ciudad de Puebla.<\/p>\n\n\n\n<p>Al inaugurar la rehabilitaci\u00f3n de la Casa del T\u00edtere y Marionetas Mexicanas y del Museo Infantil la Constancia, el mandatario poblano resalt\u00f3 la importancia de la existencia de este tipo de espacios en la sociedad.<\/p>\n\n\n\n<p>Afirm\u00f3 que dichos espacios servir\u00e1n para la reconstrucci\u00f3n del tejido social y la recreaci\u00f3n de infantes de la entidad y sus familias a quienes, dijo, es necesario que retomen la identidad y el orgullo de ser poblanos.<\/p>\n\n\n\n<p>\u201cLuchemos porque la identidad y el orgullo de sentirse poblanos sea una constante permanente en el coraz\u00f3n de las familias poblanas y que estos espacios sirvan para ello precisamente, para que la cultura permita que se unan familias y que se reconstruya el tejido social\u201d.<\/p>\n\n\n\n<p>Argument\u00f3 que este espacio es el patrimonio de la sociedad poblana, patrimonio que afirm\u00f3, es responsabilidad de su gobierno cuidar y preservar para las siguientes generaciones.<\/p>\n\n\n\n<p>Por su parte, el titular de la Secretar\u00eda de Cultura estatal, Sergio Vergara Berdejo indic\u00f3 que este museo contar\u00e1 con la exposici\u00f3n de dos galer\u00edas de m\u00e1s de mil 400 piezas de las colecciones Rosete Aranda Espinal y \u00c9poca de oro del teatro Gui\u00f1ol, pertenecientes al Instituto Nacional de Bellas Artes (Inba).<\/p>\n","protected":false},"excerpt":{"rendered":"<p>El gobernador del estado, Sergio Salom\u00f3n C\u00e9spedes Peregrina inform\u00f3 que se publicar\u00e1 una licitaci\u00f3n para la intervenci\u00f3n del Parque Paseo de Gigantes ubicado en el Complejo La Constancia de la ciudad de Puebla. Al inaugurar la rehabilitaci\u00f3n de la Casa del T\u00edtere y Marionetas Mexicanas y del Museo Infantil la Constancia, el mandatario poblano resalt\u00f3 [&hellip;]<\/p>\n","protected":false},"author":4,"featured_media":23064,"comment_status":"open","ping_status":"open","sticky":false,"template":"","format":"standard","meta":{"om_disable_all_campaigns":false,"_monsterinsights_skip_tracking":false,"_monsterinsights_sitenote_active":false,"_monsterinsights_sitenote_note":"","_monsterinsights_sitenote_category":0,"footnotes":""},"categories":[175],"tags":[223],"class_list":["post-23063","post","type-post","status-publish","format-standard","has-post-thumbnail","hentry","category-local","tag-puebla"],"amp_enabled":true,"_links":{"self":[{"href":"https:\/\/lahora.mx\/index.php\/wp-json\/wp\/v2\/posts\/23063","targetHints":{"allow":["GET"]}}],"collection":[{"href":"https:\/\/lahora.mx\/index.php\/wp-json\/wp\/v2\/posts"}],"about":[{"href":"https:\/\/lahora.mx\/index.php\/wp-json\/wp\/v2\/types\/post"}],"author":[{"embeddable":true,"href":"https:\/\/lahora.mx\/index.php\/wp-json\/wp\/v2\/users\/4"}],"replies":[{"embeddable":true,"href":"https:\/\/lahora.mx\/index.php\/wp-json\/wp\/v2\/comments?post=23063"}],"version-history":[{"count":1,"href":"https:\/\/lahora.mx\/index.php\/wp-json\/wp\/v2\/posts\/23063\/revisions"}],"predecessor-version":[{"id":23065,"href":"https:\/\/lahora.mx\/index.php\/wp-json\/wp\/v2\/posts\/23063\/revisions\/23065"}],"wp:featuredmedia":[{"embeddable":true,"href":"https:\/\/lahora.mx\/index.php\/wp-json\/wp\/v2\/media\/23064"}],"wp:attachment":[{"href":"https:\/\/lahora.mx\/index.php\/wp-json\/wp\/v2\/media?parent=23063"}],"wp:term":[{"taxonomy":"category","embeddable":true,"href":"https:\/\/lahora.mx\/index.php\/wp-json\/wp\/v2\/categories?post=23063"},{"taxonomy":"post_tag","embeddable":true,"href":"https:\/\/lahora.mx\/index.php\/wp-json\/wp\/v2\/tags?post=23063"}],"curies":[{"name":"wp","href":"https:\/\/api.w.org\/{rel}","templated":true}]}}