{"id":23059,"date":"2023-03-14T00:21:46","date_gmt":"2023-03-14T00:21:46","guid":{"rendered":"http:\/\/lahora.mx\/?p=23059"},"modified":"2023-03-14T00:23:51","modified_gmt":"2023-03-14T00:23:51","slug":"secretaria-de-cultura-tlaxcala-invita-a-los-conciertos-de-raiz-mexico-en-el-centro-de-las-artes-de-apizaquito","status":"publish","type":"post","link":"https:\/\/lahora.mx\/index.php\/2023\/03\/14\/secretaria-de-cultura-tlaxcala-invita-a-los-conciertos-de-raiz-mexico-en-el-centro-de-las-artes-de-apizaquito\/","title":{"rendered":"Secretar\u00eda de Cultura Tlaxcala invita a los conciertos de Ra\u00edz M\u00e9xico en el Centro de las Artes de Apizaquito"},"content":{"rendered":"\n<p>El gobierno del estado, a trav\u00e9s de la Secretar\u00eda de Cultura (SC), invita a la poblaci\u00f3n a ser part\u00edcipe del Festival Ra\u00edz M\u00e9xico que llegar\u00e1 a Tlaxcala con propuestas art\u00edsticas, donde habr\u00e1 grupos y solistas de los estados de Guerrero, Puebla y Morelos.<\/p>\n\n\n\n<p>Lo anterior, como parte de los trabajos de la administraci\u00f3n de la gobernadora Lorena Cu\u00e9llar Cisneros, para contribuir a la descentralizaci\u00f3n de la oferta cultural de nuestro pa\u00eds y a la redistribuci\u00f3n de la riqueza en los propios estados y sus municipios.<\/p>\n\n\n\n<p>Los conciertos son totalmente gratuitos y se realizar\u00e1n en la Sala de Conciertos Estanislao Mej\u00eda de la Escuela de M\u00fasica del Estado de Tlaxcala, ubicada en el Centro de las Artes de Apizaquito, calle Fernando Solana, n\u00famero 1.<\/p>\n\n\n\n<p>El lunes 13 de marzo se presentar\u00e1 el proyecto \u201cClarinete Gitano\u201d, a cargo de \u00c1ngel Jes\u00fas P\u00e9rez Seraf\u00edn, del estado de Guerrero; el 14 del mismo mes, \u201cResonancias Latinas\u201d, a cargo de V\u00edctor Daniel Castro Escobar, del estado de Puebla; el d\u00eda 16 \u201cFiesta de vida para la muerte\u201d, a cargo de Natalia Cock Gonz\u00e1lez, del estado de Morelos.<\/p>\n\n\n\n<p>Por \u00faltimo, el d\u00eda 17 de marzo se presenta \u201cNovum Antigua M\u00fasica\u201d, del estado de Morelos, conformado por Magali Gasca, Daniel Ram\u00edrez, Rafael S\u00e1nchez y Ra\u00fal Moncada.<\/p>\n\n\n\n<p>El p\u00fablico puede deleitarse con las interpretaciones de Jean Baptiste Lully, Trio De La Chambre Du Roi Lwv 35, Symphonie, Sarabande y Menuet, entre otros compositores de m\u00fasica cl\u00e1sica.<\/p>\n","protected":false},"excerpt":{"rendered":"<p>El gobierno del estado, a trav\u00e9s de la Secretar\u00eda de Cultura (SC), invita a la poblaci\u00f3n a ser part\u00edcipe del Festival Ra\u00edz M\u00e9xico que llegar\u00e1 a Tlaxcala con propuestas art\u00edsticas, donde habr\u00e1 grupos y solistas de los estados de Guerrero, Puebla y Morelos. Lo anterior, como parte de los trabajos de la administraci\u00f3n de la [&hellip;]<\/p>\n","protected":false},"author":4,"featured_media":23062,"comment_status":"open","ping_status":"open","sticky":false,"template":"","format":"standard","meta":{"om_disable_all_campaigns":false,"_monsterinsights_skip_tracking":false,"_monsterinsights_sitenote_active":false,"_monsterinsights_sitenote_note":"","_monsterinsights_sitenote_category":0,"footnotes":""},"categories":[175],"tags":[223,210],"class_list":["post-23059","post","type-post","status-publish","format-standard","has-post-thumbnail","hentry","category-local","tag-puebla","tag-tlaxcala"],"amp_enabled":true,"_links":{"self":[{"href":"https:\/\/lahora.mx\/index.php\/wp-json\/wp\/v2\/posts\/23059","targetHints":{"allow":["GET"]}}],"collection":[{"href":"https:\/\/lahora.mx\/index.php\/wp-json\/wp\/v2\/posts"}],"about":[{"href":"https:\/\/lahora.mx\/index.php\/wp-json\/wp\/v2\/types\/post"}],"author":[{"embeddable":true,"href":"https:\/\/lahora.mx\/index.php\/wp-json\/wp\/v2\/users\/4"}],"replies":[{"embeddable":true,"href":"https:\/\/lahora.mx\/index.php\/wp-json\/wp\/v2\/comments?post=23059"}],"version-history":[{"count":1,"href":"https:\/\/lahora.mx\/index.php\/wp-json\/wp\/v2\/posts\/23059\/revisions"}],"predecessor-version":[{"id":23060,"href":"https:\/\/lahora.mx\/index.php\/wp-json\/wp\/v2\/posts\/23059\/revisions\/23060"}],"wp:featuredmedia":[{"embeddable":true,"href":"https:\/\/lahora.mx\/index.php\/wp-json\/wp\/v2\/media\/23062"}],"wp:attachment":[{"href":"https:\/\/lahora.mx\/index.php\/wp-json\/wp\/v2\/media?parent=23059"}],"wp:term":[{"taxonomy":"category","embeddable":true,"href":"https:\/\/lahora.mx\/index.php\/wp-json\/wp\/v2\/categories?post=23059"},{"taxonomy":"post_tag","embeddable":true,"href":"https:\/\/lahora.mx\/index.php\/wp-json\/wp\/v2\/tags?post=23059"}],"curies":[{"name":"wp","href":"https:\/\/api.w.org\/{rel}","templated":true}]}}