{"id":23055,"date":"2023-03-14T00:17:07","date_gmt":"2023-03-14T00:17:07","guid":{"rendered":"http:\/\/lahora.mx\/?p=23055"},"modified":"2023-03-14T00:19:51","modified_gmt":"2023-03-14T00:19:51","slug":"la-gobernadora-lorena-cuellar-encabezo-la-toma-de-protesta-a-mesa-directiva-de-canacintra-tlaxcala","status":"publish","type":"post","link":"https:\/\/lahora.mx\/index.php\/2023\/03\/14\/la-gobernadora-lorena-cuellar-encabezo-la-toma-de-protesta-a-mesa-directiva-de-canacintra-tlaxcala\/","title":{"rendered":"La Gobernadora Lorena Cu\u00e9llar encabez\u00f3 la toma de protesta a mesa directiva de Canacintra Tlaxcala"},"content":{"rendered":"\n<p>La gobernadora Lorena Cu\u00e9llar Cisneros realiz\u00f3 la toma de protesta a los nuevos integrantes de la mesa directiva de la C\u00e1mara Nacional de la Industria de Transformaci\u00f3n (Canacintra), delegaci\u00f3n Tlaxcala, para el periodo 2023\u20132024, a quienes refrend\u00f3 su compromiso de trabajar conjuntamente para fortalecer el crecimiento y desarrollo de la entidad.<\/p>\n\n\n\n<p>En el acto protocolario, la mandataria estatal resalt\u00f3 que las 150 empresas adheridas a este organismo generan alrededor de 40 mil empleos que aportan el 29.3 por ciento del Producto Interno Bruto (PIB) del estado.<\/p>\n\n\n\n<p>\u201cReconozco a los industriales a los empresarios que integran esta c\u00e1mara, a todos los inversionistas, prestadores de servicios y emprendedores de Tlaxcala que se han sumado con gran entusiasmo a esta nueva din\u00e1mica, lo que nos ha permitido promover la generaci\u00f3n de riqueza en un entorno de libre competencia y responsabilidad social\u201d, enfatiz\u00f3.<\/p>\n\n\n\n<p>Expuso que durante los primeros 16 meses de su administraci\u00f3n la entidad capt\u00f3 una inversi\u00f3n de m\u00e1s de 7 mil millones de pesos con la instalaci\u00f3n de 17 nuevas empresas y la expansi\u00f3n de 16 compa\u00f1\u00edas, lo que represent\u00f3 un crecimiento anual del 52 por ciento en inversiones en comparaci\u00f3n al mismo periodo de la administraci\u00f3n anterior.<\/p>\n\n\n\n<p>De igual forma, destac\u00f3 que Tlaxcala est\u00e1 considerada a nivel nacional como una de las seis econom\u00edas con mayor estabilidad y la cuarta con mejor comportamiento en evoluci\u00f3n de empleo asegurado; de manera que en febrero, por segundo mes consecutivo, aumentaron los empleos formales con mil 643 trabajadores afiliados al Instituto Mexicano del Seguro Social (IMSS).<\/p>\n\n\n\n<p>En su intervenci\u00f3n, la presidenta nacional de Canacintra, Esperanza Ortega Azar sostuvo que uno de sus objetivos es generar nuevos puentes de comunicaci\u00f3n con los gobiernos de las 32 entidades para hacer sinergia y recuperar la econom\u00eda del pa\u00eds que result\u00f3 afectada por la pandemia del Covid\u201319.<\/p>\n\n\n\n<p>En ese sentido, la empresaria reconoci\u00f3 el liderazgo de Cu\u00e9llar Cisneros, as\u00ed como su voluntad para brindar apoyo y acompa\u00f1amiento al sector industrial.<\/p>\n\n\n\n<p>\u201cNos da muestra de que las mujeres saben dar resultados, llegamos y no nos vamos, porque estamos conquistando espacios que por justicia nos corresponden, trabajamos permanentemente en equipo y del lado de los mejores talentos (\u2026) sin duda la estabilidad econ\u00f3mica se ha dado por su liderazgo y trabajo incansable, ya que ha generado confianza en los inversionistas que se encuentran en Tlaxcala\u201d, afirm\u00f3.<\/p>\n\n\n\n<p>A su vez, el nuevo presidente de Canacintra\u2013Tlaxcala, Carlos Tamayo Chavero inform\u00f3 que con el fin de fortalecer el liderazgo y representatividad del organismo empresarial dise\u00f1ar\u00e1n nuevos comit\u00e9s, comisiones y representaciones que mantendr\u00e1n un di\u00e1logo permanente con autoridades de los tres \u00f3rdenes de gobierno. \u201cQueremos ser un aliado estrat\u00e9gico del gobierno del estado con el firme prop\u00f3sito de trabajar de manera coordinada para que Tlaxcala alcance los niveles de desarrollo y competitividad que todos deseamos, que esto se traduzca en m\u00e1s y mejores empleos, mejor calidad de vida, seguridad p\u00fablica, salud, educaci\u00f3n, paz y tranquilidad laboral dentro de un marco de corresponsabilidad, participaci\u00f3n, respeto y di\u00e1logo permanente\u201d, enfatiz\u00f3.<\/p>\n\n\n\n<p>Para ello, mencion\u00f3 algunos de sus objetivos entre los que destacan promover entre sus afiliados la contrataci\u00f3n de personas con discapacidad y adultos mayores; lograr una vinculaci\u00f3n con el pr\u00f3ximo Centro de Capacitaci\u00f3n en la Ciudad de la Inclusi\u00f3n; buscar sumarse al programa de salud estatal y generar m\u00e1s espacios de empleo para las mujeres tlaxcaltecas en todos los \u00e1mbitos, sectores y ramas industriales.<\/p>\n\n\n\n<p>Al evento asistieron la vicepresidenta nacional de Delegaciones de Canacintra, Mar\u00eda de Lourdes Medina Ortega; el delegado del IMSS en Tlaxcala, Julio Guti\u00e9rrez M\u00e9ndez; el diputado presidente de la Comisi\u00f3n de Desarrollo Econ\u00f3mico del Congreso local, Jos\u00e9 Gilberto Temoltzin Mart\u00ednez; el presidente saliente de la Canacintra, Marcos del Rosario Haget y los integrantes de la nueva Mesa Directiva.<\/p>\n","protected":false},"excerpt":{"rendered":"<p>La gobernadora Lorena Cu\u00e9llar Cisneros realiz\u00f3 la toma de protesta a los nuevos integrantes de la mesa directiva de la C\u00e1mara Nacional de la Industria de Transformaci\u00f3n (Canacintra), delegaci\u00f3n Tlaxcala, para el periodo 2023\u20132024, a quienes refrend\u00f3 su compromiso de trabajar conjuntamente para fortalecer el crecimiento y desarrollo de la entidad. En el acto protocolario, [&hellip;]<\/p>\n","protected":false},"author":4,"featured_media":23058,"comment_status":"open","ping_status":"open","sticky":false,"template":"","format":"standard","meta":{"om_disable_all_campaigns":false,"_monsterinsights_skip_tracking":false,"_monsterinsights_sitenote_active":false,"_monsterinsights_sitenote_note":"","_monsterinsights_sitenote_category":0,"footnotes":""},"categories":[175],"tags":[223,210],"class_list":["post-23055","post","type-post","status-publish","format-standard","has-post-thumbnail","hentry","category-local","tag-puebla","tag-tlaxcala"],"amp_enabled":true,"_links":{"self":[{"href":"https:\/\/lahora.mx\/index.php\/wp-json\/wp\/v2\/posts\/23055","targetHints":{"allow":["GET"]}}],"collection":[{"href":"https:\/\/lahora.mx\/index.php\/wp-json\/wp\/v2\/posts"}],"about":[{"href":"https:\/\/lahora.mx\/index.php\/wp-json\/wp\/v2\/types\/post"}],"author":[{"embeddable":true,"href":"https:\/\/lahora.mx\/index.php\/wp-json\/wp\/v2\/users\/4"}],"replies":[{"embeddable":true,"href":"https:\/\/lahora.mx\/index.php\/wp-json\/wp\/v2\/comments?post=23055"}],"version-history":[{"count":1,"href":"https:\/\/lahora.mx\/index.php\/wp-json\/wp\/v2\/posts\/23055\/revisions"}],"predecessor-version":[{"id":23056,"href":"https:\/\/lahora.mx\/index.php\/wp-json\/wp\/v2\/posts\/23055\/revisions\/23056"}],"wp:featuredmedia":[{"embeddable":true,"href":"https:\/\/lahora.mx\/index.php\/wp-json\/wp\/v2\/media\/23058"}],"wp:attachment":[{"href":"https:\/\/lahora.mx\/index.php\/wp-json\/wp\/v2\/media?parent=23055"}],"wp:term":[{"taxonomy":"category","embeddable":true,"href":"https:\/\/lahora.mx\/index.php\/wp-json\/wp\/v2\/categories?post=23055"},{"taxonomy":"post_tag","embeddable":true,"href":"https:\/\/lahora.mx\/index.php\/wp-json\/wp\/v2\/tags?post=23055"}],"curies":[{"name":"wp","href":"https:\/\/api.w.org\/{rel}","templated":true}]}}