{"id":23012,"date":"2023-03-13T02:24:23","date_gmt":"2023-03-13T02:24:23","guid":{"rendered":"http:\/\/lahora.mx\/?p=23012"},"modified":"2023-03-13T02:24:23","modified_gmt":"2023-03-13T02:24:23","slug":"un-feminicidio-mas-en-puebla-maria-gabriela-fue-ahorcada","status":"publish","type":"post","link":"https:\/\/lahora.mx\/index.php\/2023\/03\/13\/un-feminicidio-mas-en-puebla-maria-gabriela-fue-ahorcada\/","title":{"rendered":"Un feminicidio m\u00e1s en Puebla Mar\u00eda Gabriela fue ahorcada"},"content":{"rendered":"\n<p class=\"wp-block-paragraph\">Tras una supuesta discusi\u00f3n, se presumen que Mar\u00eda Gabriela fue ahorcada y despu\u00e9s su cuerpo llevado a un registro de agua dentro de su domicilio; el principal sospechoso es su pareja sentimental, quien ya est\u00e1 detenido.<\/p>\n\n\n\n<p class=\"wp-block-paragraph\">La mujer de 48 a\u00f1os de edad, quien se ha reportado como v\u00edctima de feminicidio en Puebla, se desempe\u00f1aba como supervisora en la empresa Oxxo y contaba con dos hijas: la primera de una anterior relaci\u00f3n y otra de quien era su actual pareja, esto seg\u00fan las investigaciones.<br>Vecinos del fraccionamiento Los H\u00e9roes, Segunda Secci\u00f3n, fueron quienes ayer reportaron a las autoridades un olor a putrefacci\u00f3n que sal\u00eda de la casa de la v\u00edctima, reportada como desaparecida el pasado 8 de marzo, luego de que supuestamente saliera de su vivienda.<\/p>\n\n\n\n<p class=\"wp-block-paragraph\">Cuando las autoridades y peritos llegaron, ahora se sabe, descubrieron el cuerpo de Mar\u00eda Gabriela en un registro de agua de su domicilio.<br>La hip\u00f3tesis de las autoridades es que la mujer discuti\u00f3 con su pareja, quien la ahorc\u00f3 y despu\u00e9s desnud\u00f3 para finalmente llevar su cuerpo al registro de agua.<\/p>\n\n\n\n<p class=\"wp-block-paragraph\">Ante los hechos el principal sospechoso ya se encuentra detenido a fin de resolver el caso.<\/p>\n\n\n\n<p class=\"wp-block-paragraph\">Por su parte, el cuerpo fue llevado a la morgue para la necropsia de ley y poder confirmar o descartar la causa de muerte. Se espera que pronto haya mayor informaci\u00f3n sobre el caso pues aunque este d\u00eda se llevar\u00eda a cabo un marcha para exigir justicia, la familia de la occisa desisti\u00f3 para no entorpecer las investigaciones.<\/p>\n","protected":false},"excerpt":{"rendered":"<p>Tras una supuesta discusi\u00f3n, se presumen que Mar\u00eda Gabriela fue ahorcada y despu\u00e9s su cuerpo llevado a un registro de agua dentro de su domicilio; el principal sospechoso es su pareja sentimental, quien ya est\u00e1 detenido. La mujer de 48 a\u00f1os de edad, quien se ha reportado como v\u00edctima de feminicidio en Puebla, se desempe\u00f1aba [&hellip;]<\/p>\n","protected":false},"author":4,"featured_media":23013,"comment_status":"open","ping_status":"open","sticky":false,"template":"","format":"standard","meta":{"om_disable_all_campaigns":false,"_monsterinsights_skip_tracking":false,"footnotes":""},"categories":[175,226],"tags":[223],"class_list":["post-23012","post","type-post","status-publish","format-standard","has-post-thumbnail","hentry","category-local","category-policia","tag-puebla"],"amp_enabled":true,"_links":{"self":[{"href":"https:\/\/lahora.mx\/index.php\/wp-json\/wp\/v2\/posts\/23012","targetHints":{"allow":["GET"]}}],"collection":[{"href":"https:\/\/lahora.mx\/index.php\/wp-json\/wp\/v2\/posts"}],"about":[{"href":"https:\/\/lahora.mx\/index.php\/wp-json\/wp\/v2\/types\/post"}],"author":[{"embeddable":true,"href":"https:\/\/lahora.mx\/index.php\/wp-json\/wp\/v2\/users\/4"}],"replies":[{"embeddable":true,"href":"https:\/\/lahora.mx\/index.php\/wp-json\/wp\/v2\/comments?post=23012"}],"version-history":[{"count":1,"href":"https:\/\/lahora.mx\/index.php\/wp-json\/wp\/v2\/posts\/23012\/revisions"}],"predecessor-version":[{"id":23014,"href":"https:\/\/lahora.mx\/index.php\/wp-json\/wp\/v2\/posts\/23012\/revisions\/23014"}],"wp:featuredmedia":[{"embeddable":true,"href":"https:\/\/lahora.mx\/index.php\/wp-json\/wp\/v2\/media\/23013"}],"wp:attachment":[{"href":"https:\/\/lahora.mx\/index.php\/wp-json\/wp\/v2\/media?parent=23012"}],"wp:term":[{"taxonomy":"category","embeddable":true,"href":"https:\/\/lahora.mx\/index.php\/wp-json\/wp\/v2\/categories?post=23012"},{"taxonomy":"post_tag","embeddable":true,"href":"https:\/\/lahora.mx\/index.php\/wp-json\/wp\/v2\/tags?post=23012"}],"curies":[{"name":"wp","href":"https:\/\/api.w.org\/{rel}","templated":true}]}}