{"id":22946,"date":"2023-03-11T01:53:04","date_gmt":"2023-03-11T01:53:04","guid":{"rendered":"http:\/\/lahora.mx\/?p=22946"},"modified":"2023-03-11T01:53:05","modified_gmt":"2023-03-11T01:53:05","slug":"aprueba-comision-exhorto-para-que-mercado-amalucan-tenga-un-adecuado-mantenimiento-y-funcionamiento","status":"publish","type":"post","link":"https:\/\/lahora.mx\/index.php\/2023\/03\/11\/aprueba-comision-exhorto-para-que-mercado-amalucan-tenga-un-adecuado-mantenimiento-y-funcionamiento\/","title":{"rendered":"<strong>Aprueba Comisi\u00f3n exhorto para que Mercado Amalucan tenga un adecuado mantenimiento y funcionamiento<\/strong>"},"content":{"rendered":"\n<p>En sesi\u00f3n de la Comisi\u00f3n de Asuntos Municipales, que encabez\u00f3 el diputado Adolfo Alatriste Cant\u00fa, se aprob\u00f3 por unanimidad un punto de acuerdo para exhortar al Ayuntamiento de Puebla a realizar las acciones que se requieran para el adecuado mantenimiento y funcionamiento legal del Mercado Amalucan.<\/p>\n\n\n\n<p>El punto de acuerdo, que en su momento fue presentado por la diputada Guadalupe Leal Rodr\u00edguez, considera que el Ayuntamiento de Puebla debe realizar acciones para la prestaci\u00f3n de los servicios necesarios, y que se generen las condiciones necesarias para la sana convivencia, as\u00ed como la libre concurrencia en el desarrollo de la actividad comercial, en beneficio de la ciudadan\u00eda.<\/p>\n\n\n\n<p>Como parte de los resolutivos, se exhorta a la Secretar\u00eda de Desarrollo Agrario, Territorial y Urbano del Gobierno Federal a reconsiderar la ejecuci\u00f3n de alg\u00fan proyecto de dignificaci\u00f3n para el inmueble del Mercado Amalucan, en conjunto con el Ayuntamiento de Puebla y de las y los locatarios.<\/p>\n\n\n\n<p>Asimismo, se exhorta a la Secretar\u00eda de Infraestructura del Gobierno del Estado a considerar proyectos de construcci\u00f3n y mantenimiento de mercados en los municipios de la entidad, para que de manera conjunta se realicen con los Ayuntamientos.<\/p>\n\n\n\n<p>A la Contralor\u00eda Municipal del Ayuntamiento de Puebla, se le exhorta para que intervenga y fortalezca el control interno, prevenga violaciones a derechos humanos y responsabilidades administrativas, tambi\u00e9n que integre y califique las conductas a que haya lugar, respecto a los actos u omisiones relacionados a los trabajos de mantenimiento y funcionamiento de mercados en la capital, con prioridad en el Mercado Amalucan.<\/p>\n\n\n\n<p>Finalmente, el punto de acuerdo contiene el exhorto a los 217 Ayuntamientos para revisar y en su caso aprobar la normativa que se requiere para regular adecuadamente la actividad comercial, funci\u00f3n y servicio p\u00fablico de mercados y centrales de abasto en sus municipios.<br>En la sesi\u00f3n de la Comisi\u00f3n estuvieron presentes las y los diputados, Adolfo Alatriste Cant\u00fa, Iv\u00e1n Herrera Villag\u00f3mez, Edgar Garmendia de los Santos, Roberto Bautista Lozano, Guadalupe Leal Rodr\u00edguez y Eduardo Alc\u00e1ntara Montiel.<\/p>\n","protected":false},"excerpt":{"rendered":"<p>En sesi\u00f3n de la Comisi\u00f3n de Asuntos Municipales, que encabez\u00f3 el diputado Adolfo Alatriste Cant\u00fa, se aprob\u00f3 por unanimidad un punto de acuerdo para exhortar al Ayuntamiento de Puebla a realizar las acciones que se requieran para el adecuado mantenimiento y funcionamiento legal del Mercado Amalucan. El punto de acuerdo, que en su momento fue [&hellip;]<\/p>\n","protected":false},"author":4,"featured_media":22947,"comment_status":"open","ping_status":"open","sticky":false,"template":"","format":"standard","meta":{"om_disable_all_campaigns":false,"_monsterinsights_skip_tracking":false,"_monsterinsights_sitenote_active":false,"_monsterinsights_sitenote_note":"","_monsterinsights_sitenote_category":0,"footnotes":""},"categories":[175],"tags":[227,223],"class_list":["post-22946","post","type-post","status-publish","format-standard","has-post-thumbnail","hentry","category-local","tag-congreso","tag-puebla"],"amp_enabled":true,"_links":{"self":[{"href":"https:\/\/lahora.mx\/index.php\/wp-json\/wp\/v2\/posts\/22946","targetHints":{"allow":["GET"]}}],"collection":[{"href":"https:\/\/lahora.mx\/index.php\/wp-json\/wp\/v2\/posts"}],"about":[{"href":"https:\/\/lahora.mx\/index.php\/wp-json\/wp\/v2\/types\/post"}],"author":[{"embeddable":true,"href":"https:\/\/lahora.mx\/index.php\/wp-json\/wp\/v2\/users\/4"}],"replies":[{"embeddable":true,"href":"https:\/\/lahora.mx\/index.php\/wp-json\/wp\/v2\/comments?post=22946"}],"version-history":[{"count":1,"href":"https:\/\/lahora.mx\/index.php\/wp-json\/wp\/v2\/posts\/22946\/revisions"}],"predecessor-version":[{"id":22948,"href":"https:\/\/lahora.mx\/index.php\/wp-json\/wp\/v2\/posts\/22946\/revisions\/22948"}],"wp:featuredmedia":[{"embeddable":true,"href":"https:\/\/lahora.mx\/index.php\/wp-json\/wp\/v2\/media\/22947"}],"wp:attachment":[{"href":"https:\/\/lahora.mx\/index.php\/wp-json\/wp\/v2\/media?parent=22946"}],"wp:term":[{"taxonomy":"category","embeddable":true,"href":"https:\/\/lahora.mx\/index.php\/wp-json\/wp\/v2\/categories?post=22946"},{"taxonomy":"post_tag","embeddable":true,"href":"https:\/\/lahora.mx\/index.php\/wp-json\/wp\/v2\/tags?post=22946"}],"curies":[{"name":"wp","href":"https:\/\/api.w.org\/{rel}","templated":true}]}}