{"id":22940,"date":"2023-03-11T00:33:14","date_gmt":"2023-03-11T00:33:14","guid":{"rendered":"http:\/\/lahora.mx\/?p=22940"},"modified":"2023-03-11T00:33:15","modified_gmt":"2023-03-11T00:33:15","slug":"detienen-a-5-mas-por-ataque-a-estadunidenses-en-matamoros","status":"publish","type":"post","link":"https:\/\/lahora.mx\/index.php\/2023\/03\/11\/detienen-a-5-mas-por-ataque-a-estadunidenses-en-matamoros\/","title":{"rendered":"Detienen a 5 m\u00e1s por ataque a estadunidenses en Matamoros"},"content":{"rendered":"\n<p>Por el caso de los estadunidenses secuestrados en Matamoros, Tamaulipas, cinco personas m\u00e1s fueron detenidas, as\u00ed lo inform\u00f3 el fiscal Irving Barrios Mojica, en un breve mensaje en el que aclar\u00f3 que est\u00e1n acusados de secuestrado agravado y de homicidio simple intencional por el asesinato de dos de las v\u00edctimas.<\/p>\n\n\n\n<p>El fiscal no precis\u00f3 si los cinco detenidos son los que una c\u00e9lula del C\u00e1rtel del Golfo entreg\u00f3 por presuntamente ser los autores del ataque contra los estadunidenses, quienes fueron secuestrados la tarde del viernes 3 de marzo cuando viajaban en una camioneta blanca con placas de Carolina del Sur.<\/p>\n\n\n\n<p>Las cinco personas entregadas por el c\u00e1rtel fueron localizadas maniatadas en la zona en la que precisamente ocurri\u00f3 el secuestro de los estadunidenses, en las calles Primera con Lauro Villar y en donde tambi\u00e9n una mujer mexicana muri\u00f3 debido a una bala perdida.<\/p>\n\n\n\n<p>Los cinco detenidos fueron identificados como: Antonio de Jes\u00fas, Luis, Noel, Juan Francisco y Gustavo.<br>El hombre que fue detenido el pasado 7 de marzo cuando fueron localizados los cuatro estadunidenses secuestrados fue vinculado a proceso, inform\u00f3 el fiscal de Tamaulipas, aunque no precis\u00f3 cu\u00e1les eran los delitos.<\/p>\n\n\n\n<p>Jos\u00e9 Guadalupe \u2019N\u2019 era quien presuntamente vigilaba a los estadunidenses en una casa de seguridad en el ejido El Tecolote, donde fueron localizados la ma\u00f1ana del 7 de marzo. Era hasta entonces el \u00fanico detenido por este hecho.<\/p>\n","protected":false},"excerpt":{"rendered":"<p>Por el caso de los estadunidenses secuestrados en Matamoros, Tamaulipas, cinco personas m\u00e1s fueron detenidas, as\u00ed lo inform\u00f3 el fiscal Irving Barrios Mojica, en un breve mensaje en el que aclar\u00f3 que est\u00e1n acusados de secuestrado agravado y de homicidio simple intencional por el asesinato de dos de las v\u00edctimas. El fiscal no precis\u00f3 si [&hellip;]<\/p>\n","protected":false},"author":4,"featured_media":22941,"comment_status":"open","ping_status":"open","sticky":false,"template":"","format":"standard","meta":{"om_disable_all_campaigns":false,"_monsterinsights_skip_tracking":false,"_monsterinsights_sitenote_active":false,"_monsterinsights_sitenote_note":"","_monsterinsights_sitenote_category":0,"footnotes":""},"categories":[175,226],"tags":[223],"class_list":["post-22940","post","type-post","status-publish","format-standard","has-post-thumbnail","hentry","category-local","category-policia","tag-puebla"],"amp_enabled":true,"_links":{"self":[{"href":"https:\/\/lahora.mx\/index.php\/wp-json\/wp\/v2\/posts\/22940","targetHints":{"allow":["GET"]}}],"collection":[{"href":"https:\/\/lahora.mx\/index.php\/wp-json\/wp\/v2\/posts"}],"about":[{"href":"https:\/\/lahora.mx\/index.php\/wp-json\/wp\/v2\/types\/post"}],"author":[{"embeddable":true,"href":"https:\/\/lahora.mx\/index.php\/wp-json\/wp\/v2\/users\/4"}],"replies":[{"embeddable":true,"href":"https:\/\/lahora.mx\/index.php\/wp-json\/wp\/v2\/comments?post=22940"}],"version-history":[{"count":1,"href":"https:\/\/lahora.mx\/index.php\/wp-json\/wp\/v2\/posts\/22940\/revisions"}],"predecessor-version":[{"id":22942,"href":"https:\/\/lahora.mx\/index.php\/wp-json\/wp\/v2\/posts\/22940\/revisions\/22942"}],"wp:featuredmedia":[{"embeddable":true,"href":"https:\/\/lahora.mx\/index.php\/wp-json\/wp\/v2\/media\/22941"}],"wp:attachment":[{"href":"https:\/\/lahora.mx\/index.php\/wp-json\/wp\/v2\/media?parent=22940"}],"wp:term":[{"taxonomy":"category","embeddable":true,"href":"https:\/\/lahora.mx\/index.php\/wp-json\/wp\/v2\/categories?post=22940"},{"taxonomy":"post_tag","embeddable":true,"href":"https:\/\/lahora.mx\/index.php\/wp-json\/wp\/v2\/tags?post=22940"}],"curies":[{"name":"wp","href":"https:\/\/api.w.org\/{rel}","templated":true}]}}