{"id":22934,"date":"2023-03-10T23:26:57","date_gmt":"2023-03-10T23:26:57","guid":{"rendered":"http:\/\/lahora.mx\/?p=22934"},"modified":"2023-03-10T23:26:58","modified_gmt":"2023-03-10T23:26:58","slug":"feria-de-puebla-2023-estos-son-los-artistas-que-se-estaran-presentando","status":"publish","type":"post","link":"https:\/\/lahora.mx\/index.php\/2023\/03\/10\/feria-de-puebla-2023-estos-son-los-artistas-que-se-estaran-presentando\/","title":{"rendered":"Feria de Puebla 2023 estos son los artistas que se estar\u00e1n presentando"},"content":{"rendered":"\n<p>Ya se acerca la Feria de Puebla 2023 y fueron revelados los nombres de los famosos que se presentar\u00e1n en el Palenque entre los que se encuentran Carlos Rivera.<\/p>\n\n\n\n<p>En tanto que hace unos d\u00edas, los representantes de Christian Nodal ya hab\u00edan adelantado que el famoso estar\u00eda en la Feria de Puebla; adem\u00e1s de que informaron que el cantante pondr\u00eda de su bolsa para reembolsar a sus fans el costo de los boletos por el concierto que se cancel\u00f3 el a\u00f1o pasado.<\/p>\n\n\n\n<p>Durante el Palenque de la Feria de Puebla 2023 se tienen programadas 12 presentaciones del viernes 28 de abril al s\u00e1bado 13 de mayo, en el recinto que se ha informado tiene capacidad para 4 mil 800 personas.<\/p>\n\n\n\n<p>Los asistentes al evento deber\u00e1n respetar las reglas sanitarias. Adem\u00e1s, en las presentaciones se permitir\u00e1 la venta de alimentos y bebidas alcoh\u00f3licas.<br>\u00bfQu\u00e9 artistas se presentan en el palenque de la feria de Puebla 2023?<br>Entre los famosos que estar\u00e1 en el Palenque de la Feria del Puebla se encuentran Carlos Rivera, Juli\u00f3n \u00c1lvarez y Christian Nodal, la lista completa es:<\/p>\n\n\n\n<p>Alfredo Olivas &#8211; Viernes 28 de abril<br>Alejandra Guzm\u00e1n &#8211; S\u00e1bado 29 de abril<br>Christian Nodal &#8211; Domingo 30 de abril<br>Matute &#8211; Jueves 4 de mayo<br>Carlos Rivera &#8211; Viernes 5 de mayo<br>Bely y Beto &#8211; S\u00e1bado 6 de mayo 3:00 pm<br>Banda MS &#8211; S\u00e1bado 6 de mayo<br>Luis R. Conr\u00edquez &#8211; Domingo 7 de mayo<br>Emmanuel y Mijares &#8211; Mi\u00e9rcoles 10 de mayo<br>Pepe Aguilar &#8211; Jueves 11 de mayo<br>Ed\u00e9n Mu\u00f1oz &#8211; Viernes 12 de mayo<br>Juli\u00f3n \u00c1lvarez &#8211; S\u00e1bado 13 de mayo<\/p>\n\n\n\n<p>Hasta el momento no se ha informado el costo de los boletos ni cu\u00e1ndo saldr\u00e1n a la venta, por lo que se espera que en breve se d\u00e9 a conocer esa informaci\u00f3n sobre el Palenque de la Feria de Puebla 2023.<\/p>\n","protected":false},"excerpt":{"rendered":"<p>Ya se acerca la Feria de Puebla 2023 y fueron revelados los nombres de los famosos que se presentar\u00e1n en el Palenque entre los que se encuentran Carlos Rivera. En tanto que hace unos d\u00edas, los representantes de Christian Nodal ya hab\u00edan adelantado que el famoso estar\u00eda en la Feria de Puebla; adem\u00e1s de que [&hellip;]<\/p>\n","protected":false},"author":4,"featured_media":22935,"comment_status":"open","ping_status":"open","sticky":false,"template":"","format":"standard","meta":{"om_disable_all_campaigns":false,"_monsterinsights_skip_tracking":false,"_monsterinsights_sitenote_active":false,"_monsterinsights_sitenote_note":"","_monsterinsights_sitenote_category":0,"footnotes":""},"categories":[3,175],"tags":[195,223],"class_list":["post-22934","post","type-post","status-publish","format-standard","has-post-thumbnail","hentry","category-entretenimiento","category-local","tag-principal","tag-puebla"],"amp_enabled":true,"_links":{"self":[{"href":"https:\/\/lahora.mx\/index.php\/wp-json\/wp\/v2\/posts\/22934","targetHints":{"allow":["GET"]}}],"collection":[{"href":"https:\/\/lahora.mx\/index.php\/wp-json\/wp\/v2\/posts"}],"about":[{"href":"https:\/\/lahora.mx\/index.php\/wp-json\/wp\/v2\/types\/post"}],"author":[{"embeddable":true,"href":"https:\/\/lahora.mx\/index.php\/wp-json\/wp\/v2\/users\/4"}],"replies":[{"embeddable":true,"href":"https:\/\/lahora.mx\/index.php\/wp-json\/wp\/v2\/comments?post=22934"}],"version-history":[{"count":1,"href":"https:\/\/lahora.mx\/index.php\/wp-json\/wp\/v2\/posts\/22934\/revisions"}],"predecessor-version":[{"id":22936,"href":"https:\/\/lahora.mx\/index.php\/wp-json\/wp\/v2\/posts\/22934\/revisions\/22936"}],"wp:featuredmedia":[{"embeddable":true,"href":"https:\/\/lahora.mx\/index.php\/wp-json\/wp\/v2\/media\/22935"}],"wp:attachment":[{"href":"https:\/\/lahora.mx\/index.php\/wp-json\/wp\/v2\/media?parent=22934"}],"wp:term":[{"taxonomy":"category","embeddable":true,"href":"https:\/\/lahora.mx\/index.php\/wp-json\/wp\/v2\/categories?post=22934"},{"taxonomy":"post_tag","embeddable":true,"href":"https:\/\/lahora.mx\/index.php\/wp-json\/wp\/v2\/tags?post=22934"}],"curies":[{"name":"wp","href":"https:\/\/api.w.org\/{rel}","templated":true}]}}