{"id":22931,"date":"2023-03-10T23:21:47","date_gmt":"2023-03-10T23:21:47","guid":{"rendered":"http:\/\/lahora.mx\/?p=22931"},"modified":"2023-03-10T23:21:47","modified_gmt":"2023-03-10T23:21:47","slug":"delfina-pozos-nueva-secretaria-del-cde","status":"publish","type":"post","link":"https:\/\/lahora.mx\/index.php\/2023\/03\/10\/delfina-pozos-nueva-secretaria-del-cde\/","title":{"rendered":"Delfina Pozos, nueva secretaria del CDE"},"content":{"rendered":"\n<p>N\u00e9stor Camarillo Medina, dirigente del Partido Revolucionario Institucional (PRI) en Puebla, design\u00f3 a Delfina Pozos Vergara como secretaria general del Comit\u00e9 Directivo Estatal (CDE).<\/p>\n\n\n\n<p>La designaci\u00f3n de Pozos Vergara ocurre tras la salida de Isabel Merlo Talavera, quien desde hoy es la titular de la Secretar\u00eda de Educaci\u00f3n P\u00fablica (SEP), ya que al ser funcionaria estatal no puede tener un cargo partidista.<br>En redes sociales, Camarillo Medina hizo p\u00fablico el nombramiento de la priista y confi\u00f3 en que har\u00e1 \u201cun gran equipo\u201d para trabajar por el partido.<\/p>\n\n\n\n<p>Sin embargo, se espera que en pr\u00f3ximas horas o fechas se ejecuten m\u00e1s movimientos al interior del tricolor, pues Pozos Vergara se desempe\u00f1aba como secretaria de Operaci\u00f3n Pol\u00edtica del CDE del PRI.<\/p>\n\n\n\n<p>Este viernes 10 de marzo, el gobernador del estado, Sergio Salom\u00f3n C\u00e9spedes Peregrina, anunci\u00f3 una serie de relevos en su gabinete que incluyeron la llegada de Merlo Talavera como secretaria de Educaci\u00f3n P\u00fablica, en sustituci\u00f3n de Jos\u00e9 Luis Sorcia Ram\u00edrez.<\/p>\n\n\n\n<p>El d\u00eda de ayer, el Congreso de Puebla aprob\u00f3 la solicitud de licencia por tiempo indefinido que solicit\u00f3 la exdiputada priista. Su suplente y exsecretaria general del Ayuntamiento de Puebla, Silvia Tan\u00fas Osorio, ocupar\u00e1 su curul, en tanto que Delfina Pozos es la nueva secretaria del CDE del PRI Puebla.<\/p>\n","protected":false},"excerpt":{"rendered":"<p>N\u00e9stor Camarillo Medina, dirigente del Partido Revolucionario Institucional (PRI) en Puebla, design\u00f3 a Delfina Pozos Vergara como secretaria general del Comit\u00e9 Directivo Estatal (CDE). La designaci\u00f3n de Pozos Vergara ocurre tras la salida de Isabel Merlo Talavera, quien desde hoy es la titular de la Secretar\u00eda de Educaci\u00f3n P\u00fablica (SEP), ya que al ser funcionaria [&hellip;]<\/p>\n","protected":false},"author":4,"featured_media":22932,"comment_status":"open","ping_status":"open","sticky":false,"template":"","format":"standard","meta":{"om_disable_all_campaigns":false,"_monsterinsights_skip_tracking":false,"_monsterinsights_sitenote_active":false,"_monsterinsights_sitenote_note":"","_monsterinsights_sitenote_category":0,"footnotes":""},"categories":[175],"tags":[223],"class_list":["post-22931","post","type-post","status-publish","format-standard","has-post-thumbnail","hentry","category-local","tag-puebla"],"amp_enabled":true,"_links":{"self":[{"href":"https:\/\/lahora.mx\/index.php\/wp-json\/wp\/v2\/posts\/22931","targetHints":{"allow":["GET"]}}],"collection":[{"href":"https:\/\/lahora.mx\/index.php\/wp-json\/wp\/v2\/posts"}],"about":[{"href":"https:\/\/lahora.mx\/index.php\/wp-json\/wp\/v2\/types\/post"}],"author":[{"embeddable":true,"href":"https:\/\/lahora.mx\/index.php\/wp-json\/wp\/v2\/users\/4"}],"replies":[{"embeddable":true,"href":"https:\/\/lahora.mx\/index.php\/wp-json\/wp\/v2\/comments?post=22931"}],"version-history":[{"count":1,"href":"https:\/\/lahora.mx\/index.php\/wp-json\/wp\/v2\/posts\/22931\/revisions"}],"predecessor-version":[{"id":22933,"href":"https:\/\/lahora.mx\/index.php\/wp-json\/wp\/v2\/posts\/22931\/revisions\/22933"}],"wp:featuredmedia":[{"embeddable":true,"href":"https:\/\/lahora.mx\/index.php\/wp-json\/wp\/v2\/media\/22932"}],"wp:attachment":[{"href":"https:\/\/lahora.mx\/index.php\/wp-json\/wp\/v2\/media?parent=22931"}],"wp:term":[{"taxonomy":"category","embeddable":true,"href":"https:\/\/lahora.mx\/index.php\/wp-json\/wp\/v2\/categories?post=22931"},{"taxonomy":"post_tag","embeddable":true,"href":"https:\/\/lahora.mx\/index.php\/wp-json\/wp\/v2\/tags?post=22931"}],"curies":[{"name":"wp","href":"https:\/\/api.w.org\/{rel}","templated":true}]}}