{"id":22817,"date":"2023-03-09T00:18:56","date_gmt":"2023-03-09T00:18:56","guid":{"rendered":"http:\/\/lahora.mx\/?p=22817"},"modified":"2023-03-09T00:18:57","modified_gmt":"2023-03-09T00:18:57","slug":"casa-blanca-descarta-designar-a-carteles-mexicanos-como-terroristas","status":"publish","type":"post","link":"https:\/\/lahora.mx\/index.php\/2023\/03\/09\/casa-blanca-descarta-designar-a-carteles-mexicanos-como-terroristas\/","title":{"rendered":"Casa Blanca descarta designar a c\u00e1rteles mexicanos como \u00abterroristas\u00bb"},"content":{"rendered":"\n<p>La Casa Blanca descart\u00f3 designar a los c\u00e1rteles mexicanos como organizaciones terroristas, seg\u00fan la \u00faltima declaraci\u00f3n desde la capital de Estados Unidos.<\/p>\n\n\n\n<p>Te recomendamos: \u00bfQu\u00e9 pasar\u00eda si M\u00e9xico \u00abpierde\u00bb disputa contra Estados Unidos por ma\u00edz transg\u00e9nico?<\/p>\n\n\n\n<p>Karine Jean-Pierre, vocera de la Casa Blanca, la designaci\u00f3n de los c\u00e1rteles de drogas mexicanos como \u201cterroristas\u201d no dar\u00e1 \u201cfacultades adicionales\u201d a Estados Unidos en su combate.<\/p>\n\n\n\n<p>Imagen intermedia<br>La funcionaria estadunidense indic\u00f3 que existen medidas aplicadas por otras instancias de EU para sancionar a ciudadanos que se beneficien por \u201cdinero mal habido\u201d.<\/p>\n\n\n\n<p>No creo que esa medida nos diera facultades adicionales\u201d, coment\u00f3 en conferencia de prensa.<\/p>\n\n\n\n<p>Este mi\u00e9rcoles 8 de marzo varios senadores republicanos lanzaron el proyecto para declarar a los c\u00e1rteles mexicanos como terroristas.<\/p>\n\n\n\n<p>De acuerdo con el documento, si se declaran a los narcotraficantes como \u201cterroristas\u201d, el Ej\u00e9rcito de Estados Unidos podr\u00eda actuar libremente.<\/p>\n\n\n\n<p>La iniciativa fue lanzada por los senadores republicanos Lindsey Graham y John Neely Kennedy.<\/p>\n\n\n\n<p>La iniciativa implica, dicen los propios senadores, que el Ej\u00e9rcito de Estados Unidos intervengan en esas organizaciones \u201cest\u00e9n donde est\u00e9n\u201d.<\/p>\n","protected":false},"excerpt":{"rendered":"<p>La Casa Blanca descart\u00f3 designar a los c\u00e1rteles mexicanos como organizaciones terroristas, seg\u00fan la \u00faltima declaraci\u00f3n desde la capital de Estados Unidos. Te recomendamos: \u00bfQu\u00e9 pasar\u00eda si M\u00e9xico \u00abpierde\u00bb disputa contra Estados Unidos por ma\u00edz transg\u00e9nico? Karine Jean-Pierre, vocera de la Casa Blanca, la designaci\u00f3n de los c\u00e1rteles de drogas mexicanos como \u201cterroristas\u201d no dar\u00e1 [&hellip;]<\/p>\n","protected":false},"author":4,"featured_media":22820,"comment_status":"open","ping_status":"open","sticky":false,"template":"","format":"standard","meta":{"om_disable_all_campaigns":false,"_monsterinsights_skip_tracking":false,"_monsterinsights_sitenote_active":false,"_monsterinsights_sitenote_note":"","_monsterinsights_sitenote_category":0,"footnotes":""},"categories":[183],"tags":[195],"class_list":["post-22817","post","type-post","status-publish","format-standard","has-post-thumbnail","hentry","category-internacional","tag-principal"],"amp_enabled":true,"_links":{"self":[{"href":"https:\/\/lahora.mx\/index.php\/wp-json\/wp\/v2\/posts\/22817","targetHints":{"allow":["GET"]}}],"collection":[{"href":"https:\/\/lahora.mx\/index.php\/wp-json\/wp\/v2\/posts"}],"about":[{"href":"https:\/\/lahora.mx\/index.php\/wp-json\/wp\/v2\/types\/post"}],"author":[{"embeddable":true,"href":"https:\/\/lahora.mx\/index.php\/wp-json\/wp\/v2\/users\/4"}],"replies":[{"embeddable":true,"href":"https:\/\/lahora.mx\/index.php\/wp-json\/wp\/v2\/comments?post=22817"}],"version-history":[{"count":1,"href":"https:\/\/lahora.mx\/index.php\/wp-json\/wp\/v2\/posts\/22817\/revisions"}],"predecessor-version":[{"id":22822,"href":"https:\/\/lahora.mx\/index.php\/wp-json\/wp\/v2\/posts\/22817\/revisions\/22822"}],"wp:featuredmedia":[{"embeddable":true,"href":"https:\/\/lahora.mx\/index.php\/wp-json\/wp\/v2\/media\/22820"}],"wp:attachment":[{"href":"https:\/\/lahora.mx\/index.php\/wp-json\/wp\/v2\/media?parent=22817"}],"wp:term":[{"taxonomy":"category","embeddable":true,"href":"https:\/\/lahora.mx\/index.php\/wp-json\/wp\/v2\/categories?post=22817"},{"taxonomy":"post_tag","embeddable":true,"href":"https:\/\/lahora.mx\/index.php\/wp-json\/wp\/v2\/tags?post=22817"}],"curies":[{"name":"wp","href":"https:\/\/api.w.org\/{rel}","templated":true}]}}