{"id":22724,"date":"2023-03-07T19:01:49","date_gmt":"2023-03-07T19:01:49","guid":{"rendered":"http:\/\/lahora.mx\/?p=22724"},"modified":"2023-03-07T19:01:50","modified_gmt":"2023-03-07T19:01:50","slug":"presenta-ayuntamiento-de-huamantla-actividades-conmemorativas-por-el-dia-internacional-de-la-mujer","status":"publish","type":"post","link":"https:\/\/lahora.mx\/index.php\/2023\/03\/07\/presenta-ayuntamiento-de-huamantla-actividades-conmemorativas-por-el-dia-internacional-de-la-mujer\/","title":{"rendered":"Presenta ayuntamiento de Huamantla actividades conmemorativas por el d\u00eda internacional de la mujer"},"content":{"rendered":"\n<p class=\"wp-block-paragraph\">Para conmemorar el D\u00eda Internacional de la Mujer, el H. Ayuntamiento de Huamantla que preside Salvador Santos Cedillo, a trav\u00e9s de las Coordinaciones de gobierno y del Sistema Municipal para el Desarrollo Integral de la Familia (DIF) Huamantla, realizar\u00e1n diversas actividades este mi\u00e9rcoles 8 de marzo.<\/p>\n\n\n\n<p class=\"wp-block-paragraph\">La cita ser\u00e1 a las 11:00 horas en la explanada de la presidencia de comunidad del Pueblo de Ignacio Zaragoza, donde se instalar\u00e1n diferentes m\u00f3dulos de atenci\u00f3n a la mujer.<\/p>\n\n\n\n<p class=\"wp-block-paragraph\">La presidenta honor\u00edfica del SMDIF Huamantla, Karla Guadalupe Men\u00e9ndez Cedillo, refiri\u00f3 que asistir\u00e1 personal que brindar\u00e1 atenci\u00f3n sobre salud emocional, f\u00edsica y cuidado personal.<\/p>\n\n\n\n<p class=\"wp-block-paragraph\">Abund\u00f3 que las Coordinaciones municipales participar\u00e1n con activaciones f\u00edsicas, charlas de emprendimiento, autoestima y motivaci\u00f3n; as\u00ed como la entrega de una planta de regalo.<\/p>\n\n\n\n<p class=\"wp-block-paragraph\">Men\u00e9ndez Cedillo, inform\u00f3 que durante el desarrollo de estas actividades habr\u00e1 cortes de cabello gratis y tratamiento de u\u00f1as; tambi\u00e9n se instalar\u00e1 un m\u00f3dulo de autoexploraci\u00f3n, que ser\u00e1 atendido por una doctora para mayor comodidad de las asistentes que quieran realizarse un chequeo.<\/p>\n\n\n\n<p class=\"wp-block-paragraph\">Finalmente, la presidenta del DIF Municipal, reiter\u00f3 el compromiso de la administraci\u00f3n de Salvador Santos Cedillo, por impulsar actividades que fomenten el respeto y valorizaci\u00f3n de las mujeres en la sociedad.<\/p>\n","protected":false},"excerpt":{"rendered":"<p>Para conmemorar el D\u00eda Internacional de la Mujer, el H. Ayuntamiento de Huamantla que preside Salvador Santos Cedillo, a trav\u00e9s de las Coordinaciones de gobierno y del Sistema Municipal para el Desarrollo Integral de la Familia (DIF) Huamantla, realizar\u00e1n diversas actividades este mi\u00e9rcoles 8 de marzo. La cita ser\u00e1 a las 11:00 horas en la [&hellip;]<\/p>\n","protected":false},"author":4,"featured_media":22725,"comment_status":"open","ping_status":"open","sticky":false,"template":"","format":"standard","meta":{"om_disable_all_campaigns":false,"_monsterinsights_skip_tracking":false,"footnotes":""},"categories":[175],"tags":[195,223],"class_list":["post-22724","post","type-post","status-publish","format-standard","has-post-thumbnail","hentry","category-local","tag-principal","tag-puebla"],"amp_enabled":true,"_links":{"self":[{"href":"https:\/\/lahora.mx\/index.php\/wp-json\/wp\/v2\/posts\/22724","targetHints":{"allow":["GET"]}}],"collection":[{"href":"https:\/\/lahora.mx\/index.php\/wp-json\/wp\/v2\/posts"}],"about":[{"href":"https:\/\/lahora.mx\/index.php\/wp-json\/wp\/v2\/types\/post"}],"author":[{"embeddable":true,"href":"https:\/\/lahora.mx\/index.php\/wp-json\/wp\/v2\/users\/4"}],"replies":[{"embeddable":true,"href":"https:\/\/lahora.mx\/index.php\/wp-json\/wp\/v2\/comments?post=22724"}],"version-history":[{"count":1,"href":"https:\/\/lahora.mx\/index.php\/wp-json\/wp\/v2\/posts\/22724\/revisions"}],"predecessor-version":[{"id":22726,"href":"https:\/\/lahora.mx\/index.php\/wp-json\/wp\/v2\/posts\/22724\/revisions\/22726"}],"wp:featuredmedia":[{"embeddable":true,"href":"https:\/\/lahora.mx\/index.php\/wp-json\/wp\/v2\/media\/22725"}],"wp:attachment":[{"href":"https:\/\/lahora.mx\/index.php\/wp-json\/wp\/v2\/media?parent=22724"}],"wp:term":[{"taxonomy":"category","embeddable":true,"href":"https:\/\/lahora.mx\/index.php\/wp-json\/wp\/v2\/categories?post=22724"},{"taxonomy":"post_tag","embeddable":true,"href":"https:\/\/lahora.mx\/index.php\/wp-json\/wp\/v2\/tags?post=22724"}],"curies":[{"name":"wp","href":"https:\/\/api.w.org\/{rel}","templated":true}]}}