{"id":22707,"date":"2023-03-07T02:57:40","date_gmt":"2023-03-07T02:57:40","guid":{"rendered":"http:\/\/lahora.mx\/?p=22707"},"modified":"2023-03-07T02:57:41","modified_gmt":"2023-03-07T02:57:41","slug":"presenta-comision-procedimiento-para-entrega-de-la-medalla-al-merito-docente-juan-c-bonilla","status":"publish","type":"post","link":"https:\/\/lahora.mx\/index.php\/2023\/03\/07\/presenta-comision-procedimiento-para-entrega-de-la-medalla-al-merito-docente-juan-c-bonilla\/","title":{"rendered":"<strong>Presenta Comisi\u00f3n procedimiento para entrega de la medalla al m\u00e9rito docente Juan C. Bonilla<\/strong>"},"content":{"rendered":"\n<p>En sesi\u00f3n de la Comisi\u00f3n de Educaci\u00f3n de la LXI Legislatura del Congreso del Estado de Puebla, las y los diputados realizaron la presentaci\u00f3n del procedimiento para la entrega de la medalla al m\u00e9rito docente Juan C. Bonilla a los docentes por su trayectoria reconocimientos distinciones y premios obtenidos experiencia y su impacto social dentro de las comunidades en las que han desarrollado su trabajo educativo.<\/p>\n\n\n\n<p>La comisi\u00f3n fue encabezada por la diputada Xel Arianna Hern\u00e1ndez Garc\u00eda, quien expreso que tambi\u00e9n se deben de tomar en cuenta perfiles de origen ind\u00edgena de los 18 que en total ser\u00e1n evaluados de las categor\u00edas de prescolar, primaria a bachillerato, educaci\u00f3n especial y educaci\u00f3n f\u00edsica y de los que habr\u00e1 seis ganadores para entregarles las medallas.<br>Para ello, se trabajar\u00e1 de manera conjunta con la Secretar\u00eda de Educaci\u00f3n P\u00fablica con la intenci\u00f3n de determinar los perfiles que cuentan con las caracter\u00edsticas para poder ser galardonados por el Congreso del Estado.<\/p>\n\n\n\n<figure class=\"wp-block-image size-full\"><img fetchpriority=\"high\" decoding=\"async\" width=\"614\" height=\"438\" src=\"https:\/\/lahora.mx\/wp-content\/uploads\/2023\/03\/Captura-de-pantalla-2023-03-06-a-las-20.56.37.png\" alt=\"\" class=\"wp-image-22711\" srcset=\"https:\/\/lahora.mx\/wp-content\/uploads\/2023\/03\/Captura-de-pantalla-2023-03-06-a-las-20.56.37.png 614w, https:\/\/lahora.mx\/wp-content\/uploads\/2023\/03\/Captura-de-pantalla-2023-03-06-a-las-20.56.37-300x214.png 300w\" sizes=\"(max-width: 614px) 100vw, 614px\" \/><\/figure>\n\n\n\n<p>Esto con la intenci\u00f3n de honrar el desempe\u00f1o de las y los maestros por su calidad e impacto social en sus comunidades y en beneficio de las y los estudiantes.<\/p>\n\n\n\n<p>Cabe mencionar que una vez desahogado el proceso las y los maestros seleccionados ser\u00e1n galardonados en una Sesi\u00f3n en el Congreso del Estado.<\/p>\n\n\n\n<p>En la Comisi\u00f3n de Educaci\u00f3n tambi\u00e9n se cont\u00f3 con la asistencia de las y los diputados Patricia Valencia \u00c1vila, Mariano Hern\u00e1ndez Reyes, Aurora Sierra Rodr\u00edguez, Carlos Navarro Corro<\/p>\n","protected":false},"excerpt":{"rendered":"<p>En sesi\u00f3n de la Comisi\u00f3n de Educaci\u00f3n de la LXI Legislatura del Congreso del Estado de Puebla, las y los diputados realizaron la presentaci\u00f3n del procedimiento para la entrega de la medalla al m\u00e9rito docente Juan C. Bonilla a los docentes por su trayectoria reconocimientos distinciones y premios obtenidos experiencia y su impacto social dentro [&hellip;]<\/p>\n","protected":false},"author":4,"featured_media":22710,"comment_status":"open","ping_status":"open","sticky":false,"template":"","format":"standard","meta":{"om_disable_all_campaigns":false,"_monsterinsights_skip_tracking":false,"_monsterinsights_sitenote_active":false,"_monsterinsights_sitenote_note":"","_monsterinsights_sitenote_category":0,"footnotes":""},"categories":[175],"tags":[223],"class_list":["post-22707","post","type-post","status-publish","format-standard","has-post-thumbnail","hentry","category-local","tag-puebla"],"amp_enabled":true,"_links":{"self":[{"href":"https:\/\/lahora.mx\/index.php\/wp-json\/wp\/v2\/posts\/22707","targetHints":{"allow":["GET"]}}],"collection":[{"href":"https:\/\/lahora.mx\/index.php\/wp-json\/wp\/v2\/posts"}],"about":[{"href":"https:\/\/lahora.mx\/index.php\/wp-json\/wp\/v2\/types\/post"}],"author":[{"embeddable":true,"href":"https:\/\/lahora.mx\/index.php\/wp-json\/wp\/v2\/users\/4"}],"replies":[{"embeddable":true,"href":"https:\/\/lahora.mx\/index.php\/wp-json\/wp\/v2\/comments?post=22707"}],"version-history":[{"count":1,"href":"https:\/\/lahora.mx\/index.php\/wp-json\/wp\/v2\/posts\/22707\/revisions"}],"predecessor-version":[{"id":22712,"href":"https:\/\/lahora.mx\/index.php\/wp-json\/wp\/v2\/posts\/22707\/revisions\/22712"}],"wp:featuredmedia":[{"embeddable":true,"href":"https:\/\/lahora.mx\/index.php\/wp-json\/wp\/v2\/media\/22710"}],"wp:attachment":[{"href":"https:\/\/lahora.mx\/index.php\/wp-json\/wp\/v2\/media?parent=22707"}],"wp:term":[{"taxonomy":"category","embeddable":true,"href":"https:\/\/lahora.mx\/index.php\/wp-json\/wp\/v2\/categories?post=22707"},{"taxonomy":"post_tag","embeddable":true,"href":"https:\/\/lahora.mx\/index.php\/wp-json\/wp\/v2\/tags?post=22707"}],"curies":[{"name":"wp","href":"https:\/\/api.w.org\/{rel}","templated":true}]}}