{"id":22706,"date":"2023-03-07T02:54:10","date_gmt":"2023-03-07T02:54:10","guid":{"rendered":"http:\/\/lahora.mx\/?p=22706"},"modified":"2023-03-07T02:54:11","modified_gmt":"2023-03-07T02:54:11","slug":"ayuntamiento-de-puebla-y-unodc-mexico-unen-esfuerzo-para-identificar-y-canalizar-casos-de-trata-de-personas-y-ciberdelito","status":"publish","type":"post","link":"https:\/\/lahora.mx\/index.php\/2023\/03\/07\/ayuntamiento-de-puebla-y-unodc-mexico-unen-esfuerzo-para-identificar-y-canalizar-casos-de-trata-de-personas-y-ciberdelito\/","title":{"rendered":"Ayuntamiento de Puebla y UNODC M\u00e9xico unen esfuerzo para identificar y canalizar casos de trata de personas y ciberdelito"},"content":{"rendered":"\n<p>El Ayuntamiento de Puebla y la Oficina de las Naciones Unidas contra la Droga y el Delito (UNODC) en M\u00e9xico firmaron un acuerdo de colaboraci\u00f3n para fortalecer las capacidades institucionales de identificaci\u00f3n y canalizaci\u00f3n de casos de trata de personas y ciberdelito, con un enfoque sensible al g\u00e9nero, a los derechos humanos y la interculturalidad.<\/p>\n\n\n\n<p>Durante el acto protocolario, Eduardo Rivera P\u00e9rez, Presidente Municipal de Puebla, se\u00f1al\u00f3 que derivado de este acuerdo se llevar\u00e1n a cabo diversas acciones como: el dise\u00f1o de estrategias de comunicaci\u00f3n sobre prevenci\u00f3n y denuncia de delitos de trata de personas y ciberdelito; desarrollo y adaptaci\u00f3n de materiales promocionales en la materia, as\u00ed como de la campa\u00f1a Coraz\u00f3n Azul; entre otras acciones.<\/p>\n\n\n\n<p>Asimismo, Rivera P\u00e9rez hizo el compromiso que, a trav\u00e9s de las dependencias involucradas, \u00abestaremos haciendo y asumiendo las tareas que nos corresponden para llevar por buen puerto la firma de este convenio\u00bb.<\/p>\n\n\n\n<p>Para Kristian H\u00f6lge, Representante de UNODC en M\u00e9xico, este acuerdo servir\u00e1 para hacer part\u00edcipe a la ciudadan\u00eda y sus juventudes: \u201cEs importante trabajar con la poblaci\u00f3n joven. Sabemos que Puebla tiene un importante porcentaje de j\u00f3venes, es un grupo vulnerable, y por ello este proyecto los considera la poblaci\u00f3n objetivo\u201d.<\/p>\n\n\n\n<p>A este evento tambi\u00e9n asistieron: Liliana Ortiz P\u00e9rez, Presidenta del Patronato del Sistema Municipal DIF; Roc\u00edo S\u00e1nchez de la Vega Escalante, Regidora Presidenta de la Comisi\u00f3n de Educaci\u00f3n, Ciencia y Tecnolog\u00eda; Mar\u00eda del Consuelo Cruz Galindo, Secretaria de Seguridad Ciudadana; Karina Romero Alcal\u00e1, Secretaria para la Igualdad Sustantiva de G\u00e9nero; y Nayely S\u00e1nchez Estrada, Titular de los Programas de Prevenci\u00f3n y Justicia Penal de UNODC M\u00e9xico.<\/p>\n","protected":false},"excerpt":{"rendered":"<p>El Ayuntamiento de Puebla y la Oficina de las Naciones Unidas contra la Droga y el Delito (UNODC) en M\u00e9xico firmaron un acuerdo de colaboraci\u00f3n para fortalecer las capacidades institucionales de identificaci\u00f3n y canalizaci\u00f3n de casos de trata de personas y ciberdelito, con un enfoque sensible al g\u00e9nero, a los derechos humanos y la interculturalidad. [&hellip;]<\/p>\n","protected":false},"author":4,"featured_media":22708,"comment_status":"open","ping_status":"open","sticky":false,"template":"","format":"standard","meta":{"om_disable_all_campaigns":false,"_monsterinsights_skip_tracking":false,"_monsterinsights_sitenote_active":false,"_monsterinsights_sitenote_note":"","_monsterinsights_sitenote_category":0,"footnotes":""},"categories":[175],"tags":[223],"class_list":["post-22706","post","type-post","status-publish","format-standard","has-post-thumbnail","hentry","category-local","tag-puebla"],"amp_enabled":true,"_links":{"self":[{"href":"https:\/\/lahora.mx\/index.php\/wp-json\/wp\/v2\/posts\/22706","targetHints":{"allow":["GET"]}}],"collection":[{"href":"https:\/\/lahora.mx\/index.php\/wp-json\/wp\/v2\/posts"}],"about":[{"href":"https:\/\/lahora.mx\/index.php\/wp-json\/wp\/v2\/types\/post"}],"author":[{"embeddable":true,"href":"https:\/\/lahora.mx\/index.php\/wp-json\/wp\/v2\/users\/4"}],"replies":[{"embeddable":true,"href":"https:\/\/lahora.mx\/index.php\/wp-json\/wp\/v2\/comments?post=22706"}],"version-history":[{"count":1,"href":"https:\/\/lahora.mx\/index.php\/wp-json\/wp\/v2\/posts\/22706\/revisions"}],"predecessor-version":[{"id":22709,"href":"https:\/\/lahora.mx\/index.php\/wp-json\/wp\/v2\/posts\/22706\/revisions\/22709"}],"wp:featuredmedia":[{"embeddable":true,"href":"https:\/\/lahora.mx\/index.php\/wp-json\/wp\/v2\/media\/22708"}],"wp:attachment":[{"href":"https:\/\/lahora.mx\/index.php\/wp-json\/wp\/v2\/media?parent=22706"}],"wp:term":[{"taxonomy":"category","embeddable":true,"href":"https:\/\/lahora.mx\/index.php\/wp-json\/wp\/v2\/categories?post=22706"},{"taxonomy":"post_tag","embeddable":true,"href":"https:\/\/lahora.mx\/index.php\/wp-json\/wp\/v2\/tags?post=22706"}],"curies":[{"name":"wp","href":"https:\/\/api.w.org\/{rel}","templated":true}]}}