{"id":22703,"date":"2023-03-07T02:48:55","date_gmt":"2023-03-07T02:48:55","guid":{"rendered":"http:\/\/lahora.mx\/?p=22703"},"modified":"2023-03-07T02:48:57","modified_gmt":"2023-03-07T02:48:57","slug":"entrega-la-gobernadora-lorena-cuellar-obras-y-equipamiento-a-jardin-de-ninos-y-telesecundaria-de-huamantla","status":"publish","type":"post","link":"https:\/\/lahora.mx\/index.php\/2023\/03\/07\/entrega-la-gobernadora-lorena-cuellar-obras-y-equipamiento-a-jardin-de-ninos-y-telesecundaria-de-huamantla\/","title":{"rendered":"Entrega la gobernadora Lorena Cu\u00e9llar obras y equipamiento a jard\u00edn de ni\u00f1os y telesecundaria de Huamantla"},"content":{"rendered":"\n<p>Con una inversi\u00f3n superior a un mill\u00f3n de pesos, la titular del Ejecutivo local, Lorena Cu\u00e9llar Cisneros inaugur\u00f3 obras y entreg\u00f3 equipamiento al preescolar \u201cTrinidad S\u00e1nchez Santos\u201d y a la Telesecundaria \u201cAlonso Escalona\u201d del municipio de Huamantla, beneficiando a un total de 124 alumnos del jard\u00edn de ni\u00f1os y 89 estudiantes de nivel secundaria.<\/p>\n\n\n\n<p>Ante educadoras del plantel, padres de familia, ni\u00f1as y ni\u00f1os de la instituci\u00f3n, Cu\u00e9llar Cisneros adelant\u00f3 que a lo largo de este a\u00f1o la administraci\u00f3n que encabeza construir\u00e1 150 nuevas aulas de preescolar para garantizar la cobertura y atenci\u00f3n en este nivel educativo.<\/p>\n\n\n\n<p>\u201cSabemos que hacen falta muchas aulas en todo el estado, por eso construiremos m\u00e1s salones para que todos los ni\u00f1os y ni\u00f1as en edad de cursar su educaci\u00f3n inicial lo realicen de manera adecuada y eficiente\u201d, expres\u00f3.<\/p>\n\n\n\n<p>Puntualiz\u00f3 que tiene un profundo compromiso con la educaci\u00f3n de las y los ni\u00f1os tlaxcaltecas, ya que fue en este sector donde naci\u00f3 su motivaci\u00f3n para servir a Tlaxcala, \u201csoy maestra de una escuela, as\u00ed empec\u00e9 mi carrera y estoy muy contenta de saludar a todos los estudiantes porque llevamos mil escuelas rehabilitadas\u201d.<\/p>\n\n\n\n<p>En la Telesecundaria \u201cAlonso Escalona\u201d, la mandataria tlaxcalteca entreg\u00f3 un aula did\u00e1ctica en beneficio de 89 estudiantes y destac\u00f3 la importancia de que los alumnos, al igual que sus docentes, cuenten con \u00e1reas adecuadas para el proceso de ense\u00f1anza\u2013aprendizaje.<\/p>\n\n\n\n<p>\u201cEs fundamental que sigan sus estudios y para ello, en mi administraci\u00f3n, se entrega la Beca Puente para que al culminar su telesecundaria cuenten con un apoyo econ\u00f3mico para ingresar al nivel medio superior y contin\u00faen su formaci\u00f3n en cualquier bachillerato\u201d, indic\u00f3.<\/p>\n\n\n\n<p>En su oportunidad, el director del Instituto Tlaxcalteca de Infraestructura F\u00edsica Educativa (Itife), Miguel Piedras D\u00edaz detall\u00f3 los trabajos realizados y el equipamiento para ambas instituciones. Se colocaron 20 luminarias en las aulas y ba\u00f1os. Para la construcci\u00f3n del aula se incluy\u00f3 la cimentaci\u00f3n a base de mamposter\u00eda, castillos, cadenas, trabes y losa de concreto. En ambas escuelas se entregaron 70 sillas, de las cuales 40 sillas fueron para preescolares y 30 sillas de paleta derecha, adem\u00e1s de 20 mesas y una televisi\u00f3n Smart de 40 pulgadas, entre otros insumos.<\/p>\n\n\n\n<p>Cu\u00e9llar Cisneros recibi\u00f3 el agradecimiento de los directivos de las escuelas por las obras entregadas y el equipamiento, ya que en sus manos est\u00e1n las futuras generaciones de hombres y mujeres que sin duda ser\u00e1n actores de una nueva historia para Tlaxcala.<\/p>\n\n\n\n<p>Acompa\u00f1aron a la gobernadora, las directoras del preescolar \u201cTrinidad S\u00e1nchez Santos\u201d, Laura Elizabeth Lira Garc\u00eda y de la Telesecundaria \u201cAlonso Escalona\u201d, Judith Alba Dom\u00ednguez, as\u00ed como el director de Planeaci\u00f3n Educativa de la SEPE\u2013USET, Omar Cuatianquiz \u00c1vila, en representaci\u00f3n del secretario de Educaci\u00f3n, Homero Meneses Hern\u00e1ndez, entre otras autoridades.<\/p>\n","protected":false},"excerpt":{"rendered":"<p>Con una inversi\u00f3n superior a un mill\u00f3n de pesos, la titular del Ejecutivo local, Lorena Cu\u00e9llar Cisneros inaugur\u00f3 obras y entreg\u00f3 equipamiento al preescolar \u201cTrinidad S\u00e1nchez Santos\u201d y a la Telesecundaria \u201cAlonso Escalona\u201d del municipio de Huamantla, beneficiando a un total de 124 alumnos del jard\u00edn de ni\u00f1os y 89 estudiantes de nivel secundaria. Ante [&hellip;]<\/p>\n","protected":false},"author":4,"featured_media":22704,"comment_status":"open","ping_status":"open","sticky":false,"template":"","format":"standard","meta":{"om_disable_all_campaigns":false,"_monsterinsights_skip_tracking":false,"_monsterinsights_sitenote_active":false,"_monsterinsights_sitenote_note":"","_monsterinsights_sitenote_category":0,"footnotes":""},"categories":[175],"tags":[223,210],"class_list":["post-22703","post","type-post","status-publish","format-standard","has-post-thumbnail","hentry","category-local","tag-puebla","tag-tlaxcala"],"amp_enabled":true,"_links":{"self":[{"href":"https:\/\/lahora.mx\/index.php\/wp-json\/wp\/v2\/posts\/22703","targetHints":{"allow":["GET"]}}],"collection":[{"href":"https:\/\/lahora.mx\/index.php\/wp-json\/wp\/v2\/posts"}],"about":[{"href":"https:\/\/lahora.mx\/index.php\/wp-json\/wp\/v2\/types\/post"}],"author":[{"embeddable":true,"href":"https:\/\/lahora.mx\/index.php\/wp-json\/wp\/v2\/users\/4"}],"replies":[{"embeddable":true,"href":"https:\/\/lahora.mx\/index.php\/wp-json\/wp\/v2\/comments?post=22703"}],"version-history":[{"count":1,"href":"https:\/\/lahora.mx\/index.php\/wp-json\/wp\/v2\/posts\/22703\/revisions"}],"predecessor-version":[{"id":22705,"href":"https:\/\/lahora.mx\/index.php\/wp-json\/wp\/v2\/posts\/22703\/revisions\/22705"}],"wp:featuredmedia":[{"embeddable":true,"href":"https:\/\/lahora.mx\/index.php\/wp-json\/wp\/v2\/media\/22704"}],"wp:attachment":[{"href":"https:\/\/lahora.mx\/index.php\/wp-json\/wp\/v2\/media?parent=22703"}],"wp:term":[{"taxonomy":"category","embeddable":true,"href":"https:\/\/lahora.mx\/index.php\/wp-json\/wp\/v2\/categories?post=22703"},{"taxonomy":"post_tag","embeddable":true,"href":"https:\/\/lahora.mx\/index.php\/wp-json\/wp\/v2\/tags?post=22703"}],"curies":[{"name":"wp","href":"https:\/\/api.w.org\/{rel}","templated":true}]}}