{"id":22700,"date":"2023-03-07T02:25:28","date_gmt":"2023-03-07T02:25:28","guid":{"rendered":"http:\/\/lahora.mx\/?p=22700"},"modified":"2023-03-07T02:25:29","modified_gmt":"2023-03-07T02:25:29","slug":"cespedes-peregrina-aclara-que-no-intervino-en-liberacion-de-guillermo-arechiga","status":"publish","type":"post","link":"https:\/\/lahora.mx\/index.php\/2023\/03\/07\/cespedes-peregrina-aclara-que-no-intervino-en-liberacion-de-guillermo-arechiga\/","title":{"rendered":"C\u00e9spedes Peregrina aclara que no intervino en liberaci\u00f3n de Guillermo Ar\u00e9chiga"},"content":{"rendered":"\n<p>El mandatario estatal, Sergio Salom\u00f3n C\u00e9spedes Peregrina dej\u00f3 en claro que no tuvo injerencia alguna en la libertad condicional otorgada a Guillermo Ar\u00e9chiga Santamar\u00eda la semana pasada.<\/p>\n\n\n\n<p>Banner<br>Reconoci\u00f3 que en una reuni\u00f3n de trabajo con Ricardo Monreal, \u00e9ste le hizo el comentario de la situaci\u00f3n del exsecretario de transporte, \u00ab\u2026 pero yo les digo que su servidor no intervino ni intervendr\u00e1 en ning\u00fan tipo de caso, como estas situaciones; de antemano seremos respetuoso en ello, defenderemos el estado de derecho, a los poblanos, pero tenemos claro que quien la deba, la tiene que pagar\u00bb.<\/p>\n\n\n\n<p>Dijo que la administraci\u00f3n estatal a su cargo siempre ser\u00e1 respetuosa de la divisi\u00f3n de poderes y los temas donde haya una implicaci\u00f3n del gobierno, el \u00e1rea jur\u00eddica es la que intervendr\u00e1 y estar\u00e1 puntual a dar seguimiento claro y estricto a la aplicaci\u00f3n de la ley; \u00ab\u2026 a la persona que venza a la justicia en esa cancha se le respetar\u00e1n los derechos\u00bb, agreg\u00f3.<\/p>\n\n\n\n<p>Por su parte, Jonathan \u00c1valos Melendez, consejero jur\u00eddico estatal agreg\u00f3 que la cita para la posible suspensi\u00f3n provisional del proceso estaba contemplada desde el pasado 23 de febrero, por lo que se llev\u00f3 a cabo el 2 de marzo con la resoluci\u00f3n ya conocida para que Guillermo Ar\u00e9chiga enfrente su proceso legal fuera de prisi\u00f3n pero cumpliendo con ciertas especificaciones por un tiempo de siete meses.<\/p>\n","protected":false},"excerpt":{"rendered":"<p>El mandatario estatal, Sergio Salom\u00f3n C\u00e9spedes Peregrina dej\u00f3 en claro que no tuvo injerencia alguna en la libertad condicional otorgada a Guillermo Ar\u00e9chiga Santamar\u00eda la semana pasada. BannerReconoci\u00f3 que en una reuni\u00f3n de trabajo con Ricardo Monreal, \u00e9ste le hizo el comentario de la situaci\u00f3n del exsecretario de transporte, \u00ab\u2026 pero yo les digo que [&hellip;]<\/p>\n","protected":false},"author":4,"featured_media":22701,"comment_status":"open","ping_status":"open","sticky":false,"template":"","format":"standard","meta":{"om_disable_all_campaigns":false,"_monsterinsights_skip_tracking":false,"_monsterinsights_sitenote_active":false,"_monsterinsights_sitenote_note":"","_monsterinsights_sitenote_category":0,"footnotes":""},"categories":[175],"tags":[223],"class_list":["post-22700","post","type-post","status-publish","format-standard","has-post-thumbnail","hentry","category-local","tag-puebla"],"amp_enabled":true,"_links":{"self":[{"href":"https:\/\/lahora.mx\/index.php\/wp-json\/wp\/v2\/posts\/22700","targetHints":{"allow":["GET"]}}],"collection":[{"href":"https:\/\/lahora.mx\/index.php\/wp-json\/wp\/v2\/posts"}],"about":[{"href":"https:\/\/lahora.mx\/index.php\/wp-json\/wp\/v2\/types\/post"}],"author":[{"embeddable":true,"href":"https:\/\/lahora.mx\/index.php\/wp-json\/wp\/v2\/users\/4"}],"replies":[{"embeddable":true,"href":"https:\/\/lahora.mx\/index.php\/wp-json\/wp\/v2\/comments?post=22700"}],"version-history":[{"count":1,"href":"https:\/\/lahora.mx\/index.php\/wp-json\/wp\/v2\/posts\/22700\/revisions"}],"predecessor-version":[{"id":22702,"href":"https:\/\/lahora.mx\/index.php\/wp-json\/wp\/v2\/posts\/22700\/revisions\/22702"}],"wp:featuredmedia":[{"embeddable":true,"href":"https:\/\/lahora.mx\/index.php\/wp-json\/wp\/v2\/media\/22701"}],"wp:attachment":[{"href":"https:\/\/lahora.mx\/index.php\/wp-json\/wp\/v2\/media?parent=22700"}],"wp:term":[{"taxonomy":"category","embeddable":true,"href":"https:\/\/lahora.mx\/index.php\/wp-json\/wp\/v2\/categories?post=22700"},{"taxonomy":"post_tag","embeddable":true,"href":"https:\/\/lahora.mx\/index.php\/wp-json\/wp\/v2\/tags?post=22700"}],"curies":[{"name":"wp","href":"https:\/\/api.w.org\/{rel}","templated":true}]}}