{"id":22697,"date":"2023-03-07T02:19:08","date_gmt":"2023-03-07T02:19:08","guid":{"rendered":"http:\/\/lahora.mx\/?p=22697"},"modified":"2023-03-07T02:19:10","modified_gmt":"2023-03-07T02:19:10","slug":"festival-de-las-ideas-puebla-dejaria-derrama-economica-por-45-mdp","status":"publish","type":"post","link":"https:\/\/lahora.mx\/index.php\/2023\/03\/07\/festival-de-las-ideas-puebla-dejaria-derrama-economica-por-45-mdp\/","title":{"rendered":"Festival de las Ideas Puebla dejar\u00eda derrama econ\u00f3mica por 45 mdp"},"content":{"rendered":"\n<p>Puebla est\u00e1 lista para el Festival de las Ideas 2023, que se desarrollar\u00e1 del 9 al 11 de marzo en el Auditorio Metropolitano.<br>Olivia Salom\u00f3n, secretaria de Econom\u00eda se\u00f1al\u00f3 que la entidad espera una derrama econ\u00f3mica por 45 millones de pesos.<\/p>\n\n\n\n<p>Cabe se\u00f1alar que en el espacio f\u00edsico sede del evento se contar\u00e1 con diversos stands para promocionar a la entidad con producci\u00f3n artesanal, cultural, as\u00ed como una muestra gastron\u00f3mica que estar\u00e1 instalada en el sitio.<\/p>\n\n\n\n<p>La secretaria de Turismo, Martha Ornelas refiri\u00f3 que la capital est\u00e1 lista con alrededor de 30 mil habitaciones de hoteles para recibir a cerca de 5 mil asistentes, as\u00ed como a los participantes en el evento, que provienen de 13 diferentes naciones.<\/p>\n\n\n\n<p>El director del evento Ricardo Obert Mart\u00ednez se\u00f1al\u00f3 que el objetivo es que haya m\u00e1s mundo en Puebla y m\u00e1s Puebla en el mundo, por lo que se dar\u00e1n cita grandes mentes brillantes que inspiran a quienes los escuchen en el desarrollo de ideas nuevas.<br>Quienes quieran acceder a alguna de las conferencias programadas, deber\u00e1 acceder al sitio www.festivaldelasideas.mx, donde estar\u00e1n abiertas todas las actividades, as\u00ed como el programa del evento.<\/p>\n","protected":false},"excerpt":{"rendered":"<p>Puebla est\u00e1 lista para el Festival de las Ideas 2023, que se desarrollar\u00e1 del 9 al 11 de marzo en el Auditorio Metropolitano.Olivia Salom\u00f3n, secretaria de Econom\u00eda se\u00f1al\u00f3 que la entidad espera una derrama econ\u00f3mica por 45 millones de pesos. Cabe se\u00f1alar que en el espacio f\u00edsico sede del evento se contar\u00e1 con diversos stands [&hellip;]<\/p>\n","protected":false},"author":4,"featured_media":22698,"comment_status":"open","ping_status":"open","sticky":false,"template":"","format":"standard","meta":{"om_disable_all_campaigns":false,"_monsterinsights_skip_tracking":false,"_monsterinsights_sitenote_active":false,"_monsterinsights_sitenote_note":"","_monsterinsights_sitenote_category":0,"footnotes":""},"categories":[175],"tags":[223],"class_list":["post-22697","post","type-post","status-publish","format-standard","has-post-thumbnail","hentry","category-local","tag-puebla"],"amp_enabled":true,"_links":{"self":[{"href":"https:\/\/lahora.mx\/index.php\/wp-json\/wp\/v2\/posts\/22697","targetHints":{"allow":["GET"]}}],"collection":[{"href":"https:\/\/lahora.mx\/index.php\/wp-json\/wp\/v2\/posts"}],"about":[{"href":"https:\/\/lahora.mx\/index.php\/wp-json\/wp\/v2\/types\/post"}],"author":[{"embeddable":true,"href":"https:\/\/lahora.mx\/index.php\/wp-json\/wp\/v2\/users\/4"}],"replies":[{"embeddable":true,"href":"https:\/\/lahora.mx\/index.php\/wp-json\/wp\/v2\/comments?post=22697"}],"version-history":[{"count":1,"href":"https:\/\/lahora.mx\/index.php\/wp-json\/wp\/v2\/posts\/22697\/revisions"}],"predecessor-version":[{"id":22699,"href":"https:\/\/lahora.mx\/index.php\/wp-json\/wp\/v2\/posts\/22697\/revisions\/22699"}],"wp:featuredmedia":[{"embeddable":true,"href":"https:\/\/lahora.mx\/index.php\/wp-json\/wp\/v2\/media\/22698"}],"wp:attachment":[{"href":"https:\/\/lahora.mx\/index.php\/wp-json\/wp\/v2\/media?parent=22697"}],"wp:term":[{"taxonomy":"category","embeddable":true,"href":"https:\/\/lahora.mx\/index.php\/wp-json\/wp\/v2\/categories?post=22697"},{"taxonomy":"post_tag","embeddable":true,"href":"https:\/\/lahora.mx\/index.php\/wp-json\/wp\/v2\/tags?post=22697"}],"curies":[{"name":"wp","href":"https:\/\/api.w.org\/{rel}","templated":true}]}}