{"id":2236,"date":"2022-01-26T03:02:34","date_gmt":"2022-01-26T03:02:34","guid":{"rendered":"http:\/\/lahora.mx\/?p=2236"},"modified":"2022-01-26T03:05:00","modified_gmt":"2022-01-26T03:05:00","slug":"amanda-gomez-nava-destaco-el-trabajo-realizado-para-la-fiscalizacion-de-los-recursos-publicos","status":"publish","type":"post","link":"https:\/\/lahora.mx\/index.php\/2022\/01\/26\/amanda-gomez-nava-destaco-el-trabajo-realizado-para-la-fiscalizacion-de-los-recursos-publicos\/","title":{"rendered":"Amanda G\u00f3mez Nava, destac\u00f3 el trabajo realizado para la fiscalizaci\u00f3n de los recursos p\u00fablicos"},"content":{"rendered":"<p>Al comparecer ante la <strong>Comisi\u00f3n Inspectora de la Auditor\u00eda Superior del Estado<\/strong>, como parte de la Glosa por el Tercer Informe de Labores del Ejecutivo del Estado, la secretaria de la Funci\u00f3n P\u00fablica, <strong>Amanda G\u00f3mez Nava<\/strong> destac\u00f3 el trabajo realizado para la fiscalizaci\u00f3n de los recursos p\u00fablicos en apego a la Ley, para la <strong>mejora contin\u00faa y combate a la corrupci\u00f3n<\/strong>, destacando la revisi\u00f3n del 93 por ciento del gasto p\u00fablico, establecidos en la Ley de Ingresos, as\u00ed como el inicio de 316 procedimientos de responsabilidad administrativa.<\/p>\n<p>La secretaria de la Funci\u00f3n P\u00fablica, Amanda G\u00f3mez indic\u00f3 que se interpusieron <strong>25 denuncias<\/strong> contra funcionarios que incumplieron con la ley adem\u00e1s de que se implementaron acciones para verificar la entrega de apoyos en da\u00f1os causados por el Hurac\u00e1n Grace y la explosi\u00f3n en San Pablo Xochimehuac\u00e1n.<\/p>\n<p>&nbsp;<\/p>\n<div style=\"width: 640px;\" class=\"wp-video\"><video class=\"wp-video-shortcode\" id=\"video-2236-1\" width=\"640\" height=\"352\" preload=\"metadata\" controls=\"controls\"><source type=\"video\/mp4\" src=\"https:\/\/lahora.mx\/wp-content\/uploads\/2022\/01\/WhatsApp-Video-2022-01-25-at-4.45.22-PM.mp4?_=1\" \/><a href=\"https:\/\/lahora.mx\/wp-content\/uploads\/2022\/01\/WhatsApp-Video-2022-01-25-at-4.45.22-PM.mp4\">https:\/\/lahora.mx\/wp-content\/uploads\/2022\/01\/WhatsApp-Video-2022-01-25-at-4.45.22-PM.mp4<\/a><\/video><\/div>\n","protected":false},"excerpt":{"rendered":"<p>Al comparecer ante la Comisi\u00f3n Inspectora de la Auditor\u00eda Superior del Estado, como parte de la Glosa por el Tercer Informe de Labores del Ejecutivo del Estado, la secretaria de la Funci\u00f3n P\u00fablica, Amanda G\u00f3mez Nava destac\u00f3 el trabajo realizado para la fiscalizaci\u00f3n de los recursos p\u00fablicos en apego a la Ley, para la mejora [&hellip;]<\/p>\n","protected":false},"author":5,"featured_media":2238,"comment_status":"open","ping_status":"open","sticky":false,"template":"","format":"standard","meta":{"om_disable_all_campaigns":false,"_monsterinsights_skip_tracking":false,"_monsterinsights_sitenote_active":false,"_monsterinsights_sitenote_note":"","_monsterinsights_sitenote_category":0,"footnotes":""},"categories":[175],"tags":[223],"class_list":["post-2236","post","type-post","status-publish","format-standard","has-post-thumbnail","hentry","category-local","tag-puebla"],"amp_enabled":true,"_links":{"self":[{"href":"https:\/\/lahora.mx\/index.php\/wp-json\/wp\/v2\/posts\/2236","targetHints":{"allow":["GET"]}}],"collection":[{"href":"https:\/\/lahora.mx\/index.php\/wp-json\/wp\/v2\/posts"}],"about":[{"href":"https:\/\/lahora.mx\/index.php\/wp-json\/wp\/v2\/types\/post"}],"author":[{"embeddable":true,"href":"https:\/\/lahora.mx\/index.php\/wp-json\/wp\/v2\/users\/5"}],"replies":[{"embeddable":true,"href":"https:\/\/lahora.mx\/index.php\/wp-json\/wp\/v2\/comments?post=2236"}],"version-history":[{"count":3,"href":"https:\/\/lahora.mx\/index.php\/wp-json\/wp\/v2\/posts\/2236\/revisions"}],"predecessor-version":[{"id":2242,"href":"https:\/\/lahora.mx\/index.php\/wp-json\/wp\/v2\/posts\/2236\/revisions\/2242"}],"wp:featuredmedia":[{"embeddable":true,"href":"https:\/\/lahora.mx\/index.php\/wp-json\/wp\/v2\/media\/2238"}],"wp:attachment":[{"href":"https:\/\/lahora.mx\/index.php\/wp-json\/wp\/v2\/media?parent=2236"}],"wp:term":[{"taxonomy":"category","embeddable":true,"href":"https:\/\/lahora.mx\/index.php\/wp-json\/wp\/v2\/categories?post=2236"},{"taxonomy":"post_tag","embeddable":true,"href":"https:\/\/lahora.mx\/index.php\/wp-json\/wp\/v2\/tags?post=2236"}],"curies":[{"name":"wp","href":"https:\/\/api.w.org\/{rel}","templated":true}]}}