{"id":22341,"date":"2023-02-28T23:28:21","date_gmt":"2023-02-28T23:28:21","guid":{"rendered":"http:\/\/lahora.mx\/?p=22341"},"modified":"2023-02-28T23:28:22","modified_gmt":"2023-02-28T23:28:22","slug":"tlaxcala-un-ejemplo-nacional-en-materia-de-salud-lorena-cuellar","status":"publish","type":"post","link":"https:\/\/lahora.mx\/index.php\/2023\/02\/28\/tlaxcala-un-ejemplo-nacional-en-materia-de-salud-lorena-cuellar\/","title":{"rendered":"Tlaxcala un ejemplo nacional en materia de salud: Lorena Cu\u00e9llar"},"content":{"rendered":"\n<p>La gobernadora Lorena Cu\u00e9llar Cisneros asegur\u00f3 que con un trabajo coordinado entre autoridades y sindicato se podr\u00e1 colocar a la entidad como ejemplo nacional en materia de salud, durante la visita que hizo al hospital \u201cLic. Anselmo Cervantes Hern\u00e1ndez\u201d para constatar el traslado del Hospital General de Tlaxcala (HGT) a sus nuevas instalaciones en San Mat\u00edas Tepetomatitl\u00e1n, municipio de Apetatitl\u00e1n. Ah\u00ed, asegur\u00f3 que la salud es una prioridad para su administraci\u00f3n.<\/p>\n\n\n\n<p>A\u00f1adi\u00f3 que es indispensable trabajar en conjunto para lograr un avance en la meta y que el estado consiga la mayor cobertura en los servicios m\u00e9dicos p\u00fablicos gratuitos con la mejor calidad y cuenten con los insumos, equipos e instalaciones dignas.<\/p>\n\n\n\n<p>Ante el personal de salud, Cu\u00e9llar Cisneros reiter\u00f3 su compromiso de mejorar las condiciones laborales bajo los principios de justicia y legalidad, ya que<br>ustedes entregan su vida en esta noble tarea para lograr que otros recuperen la su salud y el bienestar<\/p>\n\n\n\n<p>Record\u00f3 que dicho nosocomio forma parte de la federalizaci\u00f3n de los servicios de salud y con este cambio a IMSS\u2013Bienestar el personal de mayor antig\u00fcedad fue beneficiado con basificaciones, de las cuales han sido entregadas m\u00e1s de mil.<\/p>\n\n\n\n<p>Foto | Cortes\u00eda: Gobierno del Estado<\/p>\n\n\n\n<p>En su intervenci\u00f3n, el director del hospital, Roberto Licona Pimentel se\u00f1al\u00f3 que la salud y bienestar es uno de los ejes del Plan Estatal de Desarrollo (PED) 2021\u20132027 y del Plan Sectorial de Salud, aunado a que con dichas instalaciones se cumple con la encomienda de la atenci\u00f3n m\u00e9dica gratuita de calidad.<\/p>\n\n\n\n<p>En su momento, la secretaria general de la secci\u00f3n 27 del Sindicato Nacional de Trabajadores de la Secretar\u00eda de Salud (Sntsa), Blanca \u00c1guila Lima reconoci\u00f3 a la titular del Poder Ejecutivo, como \u201cla gobernadora de la salud\u201d y consider\u00f3 que<\/p>\n\n\n\n<p>tendr\u00e1 que ser un hospital modelo, un hospital escuela y nosotros vamos a ayudar tambi\u00e9n, as\u00ed que agradezco mucho y puedo, sin temor a dudas, comprometerme a nombre de ustedes, compa\u00f1eros y compa\u00f1eras, en todo lo que m\u00e1s se pueda para que ustedes puedan dar los resultados<br>.<\/p>\n\n\n\n<p>Durante el recorrido que hizo la gobernadora al nosocomio, donde la recibieron trabajadores del sector salud, tambi\u00e9n estuvieron los titulares de la Secretar\u00eda de Salud (SESA), Rigoberto Zamudio Meneses; del Instituto Mexicano de Seguro Social (IMSS), Julio Guti\u00e9rrez M\u00e9ndez; el director de Operaci\u00f3n, Vinculaci\u00f3n y Transici\u00f3n de los Servicios de Salud a IMSS\u2013Bienestar, Gabriel Guti\u00e9rrez Morales y la subsecretaria de Salud en el estado, Celina Casta\u00f1eda de la Lanza, quienes verificaron el funcionamiento del hospital.<\/p>\n\n\n\n<p>Adem\u00e1s, estuvieron los presidentes de la mesa directiva del Congreso local, Bladimir Zainos Flores; de Apetatitl\u00e1n, \u00c1ngelo Guti\u00e9rrez Hern\u00e1ndez, directores de los diferentes hospitales, jefes de las diferentes jurisdicciones y personal de salud.<\/p>\n","protected":false},"excerpt":{"rendered":"<p>La gobernadora Lorena Cu\u00e9llar Cisneros asegur\u00f3 que con un trabajo coordinado entre autoridades y sindicato se podr\u00e1 colocar a la entidad como ejemplo nacional en materia de salud, durante la visita que hizo al hospital \u201cLic. Anselmo Cervantes Hern\u00e1ndez\u201d para constatar el traslado del Hospital General de Tlaxcala (HGT) a sus nuevas instalaciones en San [&hellip;]<\/p>\n","protected":false},"author":4,"featured_media":22342,"comment_status":"open","ping_status":"open","sticky":false,"template":"","format":"standard","meta":{"om_disable_all_campaigns":false,"_monsterinsights_skip_tracking":false,"_monsterinsights_sitenote_active":false,"_monsterinsights_sitenote_note":"","_monsterinsights_sitenote_category":0,"footnotes":""},"categories":[175],"tags":[223,210],"class_list":["post-22341","post","type-post","status-publish","format-standard","has-post-thumbnail","hentry","category-local","tag-puebla","tag-tlaxcala"],"amp_enabled":true,"_links":{"self":[{"href":"https:\/\/lahora.mx\/index.php\/wp-json\/wp\/v2\/posts\/22341","targetHints":{"allow":["GET"]}}],"collection":[{"href":"https:\/\/lahora.mx\/index.php\/wp-json\/wp\/v2\/posts"}],"about":[{"href":"https:\/\/lahora.mx\/index.php\/wp-json\/wp\/v2\/types\/post"}],"author":[{"embeddable":true,"href":"https:\/\/lahora.mx\/index.php\/wp-json\/wp\/v2\/users\/4"}],"replies":[{"embeddable":true,"href":"https:\/\/lahora.mx\/index.php\/wp-json\/wp\/v2\/comments?post=22341"}],"version-history":[{"count":1,"href":"https:\/\/lahora.mx\/index.php\/wp-json\/wp\/v2\/posts\/22341\/revisions"}],"predecessor-version":[{"id":22343,"href":"https:\/\/lahora.mx\/index.php\/wp-json\/wp\/v2\/posts\/22341\/revisions\/22343"}],"wp:featuredmedia":[{"embeddable":true,"href":"https:\/\/lahora.mx\/index.php\/wp-json\/wp\/v2\/media\/22342"}],"wp:attachment":[{"href":"https:\/\/lahora.mx\/index.php\/wp-json\/wp\/v2\/media?parent=22341"}],"wp:term":[{"taxonomy":"category","embeddable":true,"href":"https:\/\/lahora.mx\/index.php\/wp-json\/wp\/v2\/categories?post=22341"},{"taxonomy":"post_tag","embeddable":true,"href":"https:\/\/lahora.mx\/index.php\/wp-json\/wp\/v2\/tags?post=22341"}],"curies":[{"name":"wp","href":"https:\/\/api.w.org\/{rel}","templated":true}]}}