{"id":2226,"date":"2022-01-26T02:50:54","date_gmt":"2022-01-26T02:50:54","guid":{"rendered":"http:\/\/lahora.mx\/?p=2226"},"modified":"2022-01-26T02:50:54","modified_gmt":"2022-01-26T02:50:54","slug":"trabaja-eduardo-rivera-perez-con-la-ciudadania-para-preservar-las-areas-verdes-de-la-ciudad","status":"publish","type":"post","link":"https:\/\/lahora.mx\/index.php\/2022\/01\/26\/trabaja-eduardo-rivera-perez-con-la-ciudadania-para-preservar-las-areas-verdes-de-la-ciudad\/","title":{"rendered":"Trabaja Eduardo Rivera P\u00e9rez con la ciudadan\u00eda para preservar las \u00e1reas verdes de la ciudad"},"content":{"rendered":"<p>En el cuidado y mantenimiento de los espacios p\u00fablicos de la ciudad, <strong>Eduardo Rivera P\u00e9rez<\/strong>, presidente Municipal de Puebla, hace equipo con la ciudadan\u00eda y comienza la entrega de custodias de \u00e1reas verdes.<\/p>\n<p>Para el edil \u00abno hay manera de tener una ciudad bonita, limpia, ordenada si no es con la participaci\u00f3n de la sociedad\u00bb, por lo que destac\u00f3 la necesidad de <strong>trabajar de la mano con organizaciones civiles y la iniciativa privada<\/strong> para mantener en resguardo los parques, camellones y jardines de la ciudad.<\/p>\n<p><img fetchpriority=\"high\" decoding=\"async\" class=\"alignnone size-medium wp-image-2229\" src=\"https:\/\/lahora.mx\/wp-content\/uploads\/2022\/01\/WhatsApp-Image-2022-01-25-at-4.28.32-PM-4-300x200.jpeg\" alt=\"\" width=\"300\" height=\"200\" srcset=\"https:\/\/lahora.mx\/wp-content\/uploads\/2022\/01\/WhatsApp-Image-2022-01-25-at-4.28.32-PM-4-300x200.jpeg 300w, https:\/\/lahora.mx\/wp-content\/uploads\/2022\/01\/WhatsApp-Image-2022-01-25-at-4.28.32-PM-4-1024x682.jpeg 1024w, https:\/\/lahora.mx\/wp-content\/uploads\/2022\/01\/WhatsApp-Image-2022-01-25-at-4.28.32-PM-4-768x512.jpeg 768w, https:\/\/lahora.mx\/wp-content\/uploads\/2022\/01\/WhatsApp-Image-2022-01-25-at-4.28.32-PM-4.jpeg 1280w\" sizes=\"(max-width: 300px) 100vw, 300px\" \/> <img decoding=\"async\" class=\"alignnone size-medium wp-image-2227\" src=\"https:\/\/lahora.mx\/wp-content\/uploads\/2022\/01\/WhatsApp-Image-2022-01-25-at-4.28.33-PM-1-300x200.jpeg\" alt=\"\" width=\"300\" height=\"200\" srcset=\"https:\/\/lahora.mx\/wp-content\/uploads\/2022\/01\/WhatsApp-Image-2022-01-25-at-4.28.33-PM-1-300x200.jpeg 300w, https:\/\/lahora.mx\/wp-content\/uploads\/2022\/01\/WhatsApp-Image-2022-01-25-at-4.28.33-PM-1-1024x682.jpeg 1024w, https:\/\/lahora.mx\/wp-content\/uploads\/2022\/01\/WhatsApp-Image-2022-01-25-at-4.28.33-PM-1-768x512.jpeg 768w, https:\/\/lahora.mx\/wp-content\/uploads\/2022\/01\/WhatsApp-Image-2022-01-25-at-4.28.33-PM-1.jpeg 1280w\" sizes=\"(max-width: 300px) 100vw, 300px\" \/><\/p>\n<p>De esta forma, 25 poblanas y poblanos comprometidos en el mejoramiento de la imagen urbana del Municipio son los primeros en formar parte de esta estrategia, lo que resulta en la preservaci\u00f3n de un \u00e1rea equivalente a cinco estadios de f\u00fatbol.<\/p>\n<p><strong>Myriam Arabian<\/strong>, encargada de Despacho de la Secretar\u00eda de Ambiente, extendi\u00f3 la invitaci\u00f3n a la ciudadan\u00eda para que sume a custodiar en conjunto con el gobierno y las organizaciones participantes, como <strong>Luis Javier Mateo Haces<\/strong>, representante del Club de Golf Las Fuentes, quien reconoci\u00f3 la importancia de proteger los pulmones verdes de la ciudad, como el Jard\u00edn Gutierre de Cetina.<\/p>\n<p>Entre los custodios tambi\u00e9n se encuentran:<br \/>\n\u2022 Christus Muguerza Hospital UPAEP<br \/>\n\u2022 Restaurante El Patio De San Luis<br \/>\n\u2022 Carvajal Empaques y Grupo Arero<br \/>\n\u2022 Hospital La Paz<br \/>\n\u2022 Notar\u00eda P\u00fablica No. 11<br \/>\n\u2022 Z\u00e4n\u00e4 Spa<br \/>\n\u2022 La Estancia de los Tecajetes<br \/>\n\u2022 Constructora AMP S.A. de C.V.<br \/>\n\u2022 Hotel Arkana<br \/>\n\u2022 Kinki Studio<\/p>\n<p><img decoding=\"async\" class=\"alignnone size-medium wp-image-2231\" src=\"https:\/\/lahora.mx\/wp-content\/uploads\/2022\/01\/WhatsApp-Image-2022-01-25-at-4.28.32-PM-2-300x123.jpeg\" alt=\"\" width=\"300\" height=\"123\" srcset=\"https:\/\/lahora.mx\/wp-content\/uploads\/2022\/01\/WhatsApp-Image-2022-01-25-at-4.28.32-PM-2-300x123.jpeg 300w, https:\/\/lahora.mx\/wp-content\/uploads\/2022\/01\/WhatsApp-Image-2022-01-25-at-4.28.32-PM-2-1024x419.jpeg 1024w, https:\/\/lahora.mx\/wp-content\/uploads\/2022\/01\/WhatsApp-Image-2022-01-25-at-4.28.32-PM-2-768x314.jpeg 768w, https:\/\/lahora.mx\/wp-content\/uploads\/2022\/01\/WhatsApp-Image-2022-01-25-at-4.28.32-PM-2.jpeg 1280w\" sizes=\"(max-width: 300px) 100vw, 300px\" \/> <img loading=\"lazy\" decoding=\"async\" class=\"alignnone size-medium wp-image-2234\" src=\"https:\/\/lahora.mx\/wp-content\/uploads\/2022\/01\/WhatsApp-Image-2022-01-25-at-4.28.31-PM-300x120.jpeg\" alt=\"\" width=\"300\" height=\"120\" srcset=\"https:\/\/lahora.mx\/wp-content\/uploads\/2022\/01\/WhatsApp-Image-2022-01-25-at-4.28.31-PM-300x120.jpeg 300w, https:\/\/lahora.mx\/wp-content\/uploads\/2022\/01\/WhatsApp-Image-2022-01-25-at-4.28.31-PM-1024x409.jpeg 1024w, https:\/\/lahora.mx\/wp-content\/uploads\/2022\/01\/WhatsApp-Image-2022-01-25-at-4.28.31-PM-768x307.jpeg 768w, https:\/\/lahora.mx\/wp-content\/uploads\/2022\/01\/WhatsApp-Image-2022-01-25-at-4.28.31-PM.jpeg 1280w\" sizes=\"(max-width: 300px) 100vw, 300px\" \/><img loading=\"lazy\" decoding=\"async\" class=\"alignnone size-medium wp-image-2233\" src=\"https:\/\/lahora.mx\/wp-content\/uploads\/2022\/01\/WhatsApp-Image-2022-01-25-at-4.28.32-PM-300x127.jpeg\" alt=\"\" width=\"300\" height=\"127\" srcset=\"https:\/\/lahora.mx\/wp-content\/uploads\/2022\/01\/WhatsApp-Image-2022-01-25-at-4.28.32-PM-300x127.jpeg 300w, https:\/\/lahora.mx\/wp-content\/uploads\/2022\/01\/WhatsApp-Image-2022-01-25-at-4.28.32-PM-1024x433.jpeg 1024w, https:\/\/lahora.mx\/wp-content\/uploads\/2022\/01\/WhatsApp-Image-2022-01-25-at-4.28.32-PM-768x325.jpeg 768w, https:\/\/lahora.mx\/wp-content\/uploads\/2022\/01\/WhatsApp-Image-2022-01-25-at-4.28.32-PM.jpeg 1280w\" sizes=\"(max-width: 300px) 100vw, 300px\" \/><\/p>\n","protected":false},"excerpt":{"rendered":"<p>En el cuidado y mantenimiento de los espacios p\u00fablicos de la ciudad, Eduardo Rivera P\u00e9rez, presidente Municipal de Puebla, hace equipo con la ciudadan\u00eda y comienza la entrega de custodias de \u00e1reas verdes. Para el edil \u00abno hay manera de tener una ciudad bonita, limpia, ordenada si no es con la participaci\u00f3n de la sociedad\u00bb, [&hellip;]<\/p>\n","protected":false},"author":5,"featured_media":2228,"comment_status":"open","ping_status":"open","sticky":false,"template":"","format":"standard","meta":{"om_disable_all_campaigns":false,"_monsterinsights_skip_tracking":false,"_monsterinsights_sitenote_active":false,"_monsterinsights_sitenote_note":"","_monsterinsights_sitenote_category":0,"footnotes":""},"categories":[175],"tags":[223],"class_list":["post-2226","post","type-post","status-publish","format-standard","has-post-thumbnail","hentry","category-local","tag-puebla"],"amp_enabled":true,"_links":{"self":[{"href":"https:\/\/lahora.mx\/index.php\/wp-json\/wp\/v2\/posts\/2226","targetHints":{"allow":["GET"]}}],"collection":[{"href":"https:\/\/lahora.mx\/index.php\/wp-json\/wp\/v2\/posts"}],"about":[{"href":"https:\/\/lahora.mx\/index.php\/wp-json\/wp\/v2\/types\/post"}],"author":[{"embeddable":true,"href":"https:\/\/lahora.mx\/index.php\/wp-json\/wp\/v2\/users\/5"}],"replies":[{"embeddable":true,"href":"https:\/\/lahora.mx\/index.php\/wp-json\/wp\/v2\/comments?post=2226"}],"version-history":[{"count":1,"href":"https:\/\/lahora.mx\/index.php\/wp-json\/wp\/v2\/posts\/2226\/revisions"}],"predecessor-version":[{"id":2235,"href":"https:\/\/lahora.mx\/index.php\/wp-json\/wp\/v2\/posts\/2226\/revisions\/2235"}],"wp:featuredmedia":[{"embeddable":true,"href":"https:\/\/lahora.mx\/index.php\/wp-json\/wp\/v2\/media\/2228"}],"wp:attachment":[{"href":"https:\/\/lahora.mx\/index.php\/wp-json\/wp\/v2\/media?parent=2226"}],"wp:term":[{"taxonomy":"category","embeddable":true,"href":"https:\/\/lahora.mx\/index.php\/wp-json\/wp\/v2\/categories?post=2226"},{"taxonomy":"post_tag","embeddable":true,"href":"https:\/\/lahora.mx\/index.php\/wp-json\/wp\/v2\/tags?post=2226"}],"curies":[{"name":"wp","href":"https:\/\/api.w.org\/{rel}","templated":true}]}}