{"id":22216,"date":"2023-02-27T00:03:08","date_gmt":"2023-02-27T00:03:08","guid":{"rendered":"http:\/\/lahora.mx\/?p=22216"},"modified":"2023-02-27T00:03:09","modified_gmt":"2023-02-27T00:03:09","slug":"un-tractocamion-robado-fue-recuperado-por-la-policia-municipal-depuebla-hay-dos-detenidos","status":"publish","type":"post","link":"https:\/\/lahora.mx\/index.php\/2023\/02\/27\/un-tractocamion-robado-fue-recuperado-por-la-policia-municipal-depuebla-hay-dos-detenidos\/","title":{"rendered":"Un tractocami\u00f3n robado fue recuperado por la polic\u00eda municipal dePuebla: hay dos detenidos"},"content":{"rendered":"\n<p>En atenci\u00f3n inmediata a una solicitud de ayuda, la Secretar\u00eda de Seguridad Ciudadana (SSC) del Municipio, detuvo a Francisco \u201cN.\u201d y a \u00d3scar \u00abN\u00bb, de 26 y 22 a\u00f1os de edad respectivamente, por su participaci\u00f3n en el delito de robo de transporte de carga.<\/p>\n\n\n\n<figure class=\"wp-block-image size-full\"><img fetchpriority=\"high\" decoding=\"async\" width=\"487\" height=\"632\" src=\"https:\/\/lahora.mx\/wp-content\/uploads\/2023\/02\/Captura-de-pantalla-2023-02-26-a-las-18.04.41.png\" alt=\"\" class=\"wp-image-22217\" srcset=\"https:\/\/lahora.mx\/wp-content\/uploads\/2023\/02\/Captura-de-pantalla-2023-02-26-a-las-18.04.41.png 487w, https:\/\/lahora.mx\/wp-content\/uploads\/2023\/02\/Captura-de-pantalla-2023-02-26-a-las-18.04.41-231x300.png 231w\" sizes=\"(max-width: 487px) 100vw, 487px\" \/><\/figure>\n\n\n\n<figure class=\"wp-block-image size-full\"><img decoding=\"async\" width=\"497\" height=\"614\" src=\"https:\/\/lahora.mx\/wp-content\/uploads\/2023\/02\/Captura-de-pantalla-2023-02-26-a-las-18.04.46.png\" alt=\"\" class=\"wp-image-22219\" srcset=\"https:\/\/lahora.mx\/wp-content\/uploads\/2023\/02\/Captura-de-pantalla-2023-02-26-a-las-18.04.46.png 497w, https:\/\/lahora.mx\/wp-content\/uploads\/2023\/02\/Captura-de-pantalla-2023-02-26-a-las-18.04.46-243x300.png 243w\" sizes=\"(max-width: 497px) 100vw, 497px\" \/><\/figure>\n\n\n\n<p>Polic\u00edas Municipales adscritos a la Zona Tres efectuaban un patrullaje focalizado en inmediaciones de la colonia Del Valle, cuando un ciudadano solicit\u00f3 su apoyo para detener a dos hombres, a quienes se\u00f1al\u00f3 como responsables de desapoderarlo de un tractocami\u00f3n Kenworth, tipo Clase T \u2013 3, de color rojo.<\/p>\n\n\n\n<p>Acto seguido, los uniformados emprendieron una persecuci\u00f3n desde Perif\u00e9rico Ecol\u00f3gico a la altura de la autopista M\u00e9xico &#8211; Orizaba y que culmin\u00f3 en la colonia Santa Margarita con la recuperaci\u00f3n del veh\u00edculo y la detenci\u00f3n de los masculinos que, al ser interceptados, bajaron del cami\u00f3n para emprender la huida a pie.<\/p>\n\n\n\n<p>Los polic\u00edas municipales les dieron alcance asegur\u00e1ndoles un arma de fuego con municiones, utilizada en el acto il\u00edcito.<\/p>\n\n\n\n<p>Finalmente, los indiciados quedaron a disposici\u00f3n del Ministerio P\u00fablico para dar inicio a las investigaciones a que haya lugar.<\/p>\n\n\n\n<p>Puebla va por buen rumbo y la SSC de Puebla, refrenda el compromiso de atender oportunamente las solicitudes de la ciudadan\u00eda para salvaguardar su patrimonio.<\/p>\n","protected":false},"excerpt":{"rendered":"<p>En atenci\u00f3n inmediata a una solicitud de ayuda, la Secretar\u00eda de Seguridad Ciudadana (SSC) del Municipio, detuvo a Francisco \u201cN.\u201d y a \u00d3scar \u00abN\u00bb, de 26 y 22 a\u00f1os de edad respectivamente, por su participaci\u00f3n en el delito de robo de transporte de carga. Polic\u00edas Municipales adscritos a la Zona Tres efectuaban un patrullaje focalizado [&hellip;]<\/p>\n","protected":false},"author":4,"featured_media":22220,"comment_status":"open","ping_status":"open","sticky":false,"template":"","format":"standard","meta":{"om_disable_all_campaigns":false,"_monsterinsights_skip_tracking":false,"_monsterinsights_sitenote_active":false,"_monsterinsights_sitenote_note":"","_monsterinsights_sitenote_category":0,"footnotes":""},"categories":[175,226],"tags":[223],"class_list":["post-22216","post","type-post","status-publish","format-standard","has-post-thumbnail","hentry","category-local","category-policia","tag-puebla"],"amp_enabled":true,"_links":{"self":[{"href":"https:\/\/lahora.mx\/index.php\/wp-json\/wp\/v2\/posts\/22216","targetHints":{"allow":["GET"]}}],"collection":[{"href":"https:\/\/lahora.mx\/index.php\/wp-json\/wp\/v2\/posts"}],"about":[{"href":"https:\/\/lahora.mx\/index.php\/wp-json\/wp\/v2\/types\/post"}],"author":[{"embeddable":true,"href":"https:\/\/lahora.mx\/index.php\/wp-json\/wp\/v2\/users\/4"}],"replies":[{"embeddable":true,"href":"https:\/\/lahora.mx\/index.php\/wp-json\/wp\/v2\/comments?post=22216"}],"version-history":[{"count":1,"href":"https:\/\/lahora.mx\/index.php\/wp-json\/wp\/v2\/posts\/22216\/revisions"}],"predecessor-version":[{"id":22221,"href":"https:\/\/lahora.mx\/index.php\/wp-json\/wp\/v2\/posts\/22216\/revisions\/22221"}],"wp:featuredmedia":[{"embeddable":true,"href":"https:\/\/lahora.mx\/index.php\/wp-json\/wp\/v2\/media\/22220"}],"wp:attachment":[{"href":"https:\/\/lahora.mx\/index.php\/wp-json\/wp\/v2\/media?parent=22216"}],"wp:term":[{"taxonomy":"category","embeddable":true,"href":"https:\/\/lahora.mx\/index.php\/wp-json\/wp\/v2\/categories?post=22216"},{"taxonomy":"post_tag","embeddable":true,"href":"https:\/\/lahora.mx\/index.php\/wp-json\/wp\/v2\/tags?post=22216"}],"curies":[{"name":"wp","href":"https:\/\/api.w.org\/{rel}","templated":true}]}}