{"id":22208,"date":"2023-02-26T23:57:51","date_gmt":"2023-02-26T23:57:51","guid":{"rendered":"http:\/\/lahora.mx\/?p=22208"},"modified":"2023-02-26T23:57:52","modified_gmt":"2023-02-26T23:57:52","slug":"marcha-contra-plan-b-en-puebla","status":"publish","type":"post","link":"https:\/\/lahora.mx\/index.php\/2023\/02\/26\/marcha-contra-plan-b-en-puebla\/","title":{"rendered":"Marcha contra Plan B en Puebla"},"content":{"rendered":"\n<p>\u201cVengo como un ciudadano m\u00e1s, apoyar esta causa que es defender una Instituci\u00f3n\u201d, expres\u00f3 el alcalde de Puebla, Eduardo Rivera, al participar este domingo en la protesta en defensa del Instituto Nacional Electoral (INE).<\/p>\n\n\n\n<p>Desde las 11:00 de la ma\u00f1ana, organizaciones civiles como el Frente C\u00edvico Nacional, S\u00ed por M\u00e9xico, Unid@s y Poder Ciudadano MX realizaron una manifestaci\u00f3n en la plancha del z\u00f3calo de la ciudad de Puebla en contra del Plan B de la reforma electoral.<\/p>\n\n\n\n<p>En entrevista, el edil panista expres\u00f3 que al INE, en lugar de debilitarlo, de quitarle recursos y facultades, se le deber\u00eda seguir apoyando para garantizar unos procesos electorales democr\u00e1ticos en nuestro pa\u00eds.<\/p>\n\n\n\n<p>\u201cPor eso estoy aqu\u00ed, porque estoy del lado de los ciudadanos que defienden la democracia, que defienden las libertades y que defienden al Instituto Nacional Electoral. Veo much\u00edsima gente libre de diferentes colonias, juntas auxiliares, algunos otros municipios y que bueno que los que vienen aqu\u00ed vienen con su propio apoyo apoyando las causas buenas\u201d, declar\u00f3 el presidente municipal.<\/p>\n\n\n\n<p>Rivera P\u00e9rez confi\u00f3 en que la Suprema Corte de Justicia de la Naci\u00f3n (SCJN) atender\u00e1 las acciones de inconstitucionalidad realizadas al Plan B de la reforma electoral propuesta por el presidente Andr\u00e9s Manuel L\u00f3pez Obrador.<\/p>\n\n\n\n<p>Se\u00f1al\u00f3 que al INE se le debe respetar, protegerlo y cuidarlo, pues es una de las Instituciones m\u00e1s importantes que ha costado trabajo construir en el pa\u00eds.<\/p>\n\n\n\n<p>\u201cQu\u00e9 bueno que salgan ciudadanos desde sus casas para defender esta causa que es de todos los mexicanos. Es una movilizaci\u00f3n ciudadana, concurrida, entusiasta, felicito a todos aquellos que est\u00e1n aqu\u00ed expresando en libertad, porque insisto, el INE es una instituci\u00f3n muy importante\u201d, expres\u00f3 Eduardo Rivera durante la marcha contra Plan B en Puebla.<\/p>\n","protected":false},"excerpt":{"rendered":"<p>\u201cVengo como un ciudadano m\u00e1s, apoyar esta causa que es defender una Instituci\u00f3n\u201d, expres\u00f3 el alcalde de Puebla, Eduardo Rivera, al participar este domingo en la protesta en defensa del Instituto Nacional Electoral (INE). Desde las 11:00 de la ma\u00f1ana, organizaciones civiles como el Frente C\u00edvico Nacional, S\u00ed por M\u00e9xico, Unid@s y Poder Ciudadano MX [&hellip;]<\/p>\n","protected":false},"author":4,"featured_media":22214,"comment_status":"open","ping_status":"open","sticky":false,"template":"","format":"standard","meta":{"om_disable_all_campaigns":false,"_monsterinsights_skip_tracking":false,"_monsterinsights_sitenote_active":false,"_monsterinsights_sitenote_note":"","_monsterinsights_sitenote_category":0,"footnotes":""},"categories":[175,226],"tags":[128,223],"class_list":["post-22208","post","type-post","status-publish","format-standard","has-post-thumbnail","hentry","category-local","category-policia","tag-politics","tag-puebla"],"amp_enabled":true,"_links":{"self":[{"href":"https:\/\/lahora.mx\/index.php\/wp-json\/wp\/v2\/posts\/22208","targetHints":{"allow":["GET"]}}],"collection":[{"href":"https:\/\/lahora.mx\/index.php\/wp-json\/wp\/v2\/posts"}],"about":[{"href":"https:\/\/lahora.mx\/index.php\/wp-json\/wp\/v2\/types\/post"}],"author":[{"embeddable":true,"href":"https:\/\/lahora.mx\/index.php\/wp-json\/wp\/v2\/users\/4"}],"replies":[{"embeddable":true,"href":"https:\/\/lahora.mx\/index.php\/wp-json\/wp\/v2\/comments?post=22208"}],"version-history":[{"count":1,"href":"https:\/\/lahora.mx\/index.php\/wp-json\/wp\/v2\/posts\/22208\/revisions"}],"predecessor-version":[{"id":22215,"href":"https:\/\/lahora.mx\/index.php\/wp-json\/wp\/v2\/posts\/22208\/revisions\/22215"}],"wp:featuredmedia":[{"embeddable":true,"href":"https:\/\/lahora.mx\/index.php\/wp-json\/wp\/v2\/media\/22214"}],"wp:attachment":[{"href":"https:\/\/lahora.mx\/index.php\/wp-json\/wp\/v2\/media?parent=22208"}],"wp:term":[{"taxonomy":"category","embeddable":true,"href":"https:\/\/lahora.mx\/index.php\/wp-json\/wp\/v2\/categories?post=22208"},{"taxonomy":"post_tag","embeddable":true,"href":"https:\/\/lahora.mx\/index.php\/wp-json\/wp\/v2\/tags?post=22208"}],"curies":[{"name":"wp","href":"https:\/\/api.w.org\/{rel}","templated":true}]}}