{"id":22204,"date":"2023-02-26T23:53:36","date_gmt":"2023-02-26T23:53:36","guid":{"rendered":"http:\/\/lahora.mx\/?p=22204"},"modified":"2023-02-26T23:53:37","modified_gmt":"2023-02-26T23:53:37","slug":"paro-tecnico-este-lunes-en-volkswagen-puebla","status":"publish","type":"post","link":"https:\/\/lahora.mx\/index.php\/2023\/02\/26\/paro-tecnico-este-lunes-en-volkswagen-puebla\/","title":{"rendered":"Paro t\u00e9cnico este lunes en Volkswagen Puebla"},"content":{"rendered":"\n<p>La empresa Volkswagen M\u00e9xico asentada en el estado de Puebla program\u00f3 para este lunes 27 de febrero un paro t\u00e9cnico debido a la falta de componentes indispensables para la producci\u00f3n.<\/p>\n\n\n\n<p>A trav\u00e9s de un comunicado, el Sindicato Independiente de Trabajadores de la Industria Automotriz Volkswagen de M\u00e9xico (Sitiavw), inform\u00f3 que la planta estar\u00e1 detenida en su totalidad, ya que ninguno de sus tres segmentos (Taos, Tiguan y Jetta) realizar\u00e1n actividades.<\/p>\n\n\n\n<p>\u201cDebido a la falta de disponibilidad de componentes, es necesario implementar paros en la producci\u00f3n de los tres modelos y de sus \u00e1reas auxiliares. Solicitamos su comprensi\u00f3n, debido a que se trata de circunstancias ajenas a la voluntad de las partes\u201d, precis\u00f3.<\/p>\n\n\n\n<p>Tras este panorama, el organismo sindical dio a conocer una serie de recomendaciones que los trabajadores deben tomar en cuenta durante este d\u00eda de descanso obligatorio.<\/p>\n\n\n\n<p>El primero es que aquellas personas que tengan saldo disponible para vacaciones podr\u00e1n utilizarlo para evitar que se vean afectados econ\u00f3micamente con descuentos en su salario semanal.<\/p>\n\n\n\n<p>Tambi\u00e9n se dijo que se respetar\u00e1 el rol de turnos para todos los segmentos, y el personal que sea convocado a trabajar deber\u00e1 asistir de manera normal, ya que se trata de un d\u00eda ordinario de trabajo.<\/p>\n\n\n\n<p>Finalmente se anunci\u00f3 que para los arranques se programar\u00e1 a cierto personal que se requiera en cada una de las \u00e1reas para garantizar los equipos y materiales requeridos.<\/p>\n","protected":false},"excerpt":{"rendered":"<p>La empresa Volkswagen M\u00e9xico asentada en el estado de Puebla program\u00f3 para este lunes 27 de febrero un paro t\u00e9cnico debido a la falta de componentes indispensables para la producci\u00f3n. A trav\u00e9s de un comunicado, el Sindicato Independiente de Trabajadores de la Industria Automotriz Volkswagen de M\u00e9xico (Sitiavw), inform\u00f3 que la planta estar\u00e1 detenida en [&hellip;]<\/p>\n","protected":false},"author":4,"featured_media":22205,"comment_status":"open","ping_status":"open","sticky":false,"template":"","format":"standard","meta":{"om_disable_all_campaigns":false,"_monsterinsights_skip_tracking":false,"_monsterinsights_sitenote_active":false,"_monsterinsights_sitenote_note":"","_monsterinsights_sitenote_category":0,"footnotes":""},"categories":[175],"tags":[195,223],"class_list":["post-22204","post","type-post","status-publish","format-standard","has-post-thumbnail","hentry","category-local","tag-principal","tag-puebla"],"amp_enabled":true,"_links":{"self":[{"href":"https:\/\/lahora.mx\/index.php\/wp-json\/wp\/v2\/posts\/22204","targetHints":{"allow":["GET"]}}],"collection":[{"href":"https:\/\/lahora.mx\/index.php\/wp-json\/wp\/v2\/posts"}],"about":[{"href":"https:\/\/lahora.mx\/index.php\/wp-json\/wp\/v2\/types\/post"}],"author":[{"embeddable":true,"href":"https:\/\/lahora.mx\/index.php\/wp-json\/wp\/v2\/users\/4"}],"replies":[{"embeddable":true,"href":"https:\/\/lahora.mx\/index.php\/wp-json\/wp\/v2\/comments?post=22204"}],"version-history":[{"count":1,"href":"https:\/\/lahora.mx\/index.php\/wp-json\/wp\/v2\/posts\/22204\/revisions"}],"predecessor-version":[{"id":22206,"href":"https:\/\/lahora.mx\/index.php\/wp-json\/wp\/v2\/posts\/22204\/revisions\/22206"}],"wp:featuredmedia":[{"embeddable":true,"href":"https:\/\/lahora.mx\/index.php\/wp-json\/wp\/v2\/media\/22205"}],"wp:attachment":[{"href":"https:\/\/lahora.mx\/index.php\/wp-json\/wp\/v2\/media?parent=22204"}],"wp:term":[{"taxonomy":"category","embeddable":true,"href":"https:\/\/lahora.mx\/index.php\/wp-json\/wp\/v2\/categories?post=22204"},{"taxonomy":"post_tag","embeddable":true,"href":"https:\/\/lahora.mx\/index.php\/wp-json\/wp\/v2\/tags?post=22204"}],"curies":[{"name":"wp","href":"https:\/\/api.w.org\/{rel}","templated":true}]}}