{"id":22097,"date":"2023-02-24T17:33:12","date_gmt":"2023-02-24T17:33:12","guid":{"rendered":"http:\/\/lahora.mx\/?p=22097"},"modified":"2023-02-24T17:33:12","modified_gmt":"2023-02-24T17:33:12","slug":"doble-hoy-no-circula-cdmx-que-autos-de-puebla-y-tlaxcala-estan-prohibidos","status":"publish","type":"post","link":"https:\/\/lahora.mx\/index.php\/2023\/02\/24\/doble-hoy-no-circula-cdmx-que-autos-de-puebla-y-tlaxcala-estan-prohibidos\/","title":{"rendered":"Doble Hoy No Circula CDMX: qu\u00e9 autos de Puebla y Tlaxcala est\u00e1n prohibidos"},"content":{"rendered":"\n<p>La tarde del jueves 23 de febrero, se report\u00f3 una concentraci\u00f3n m\u00e1xima de ozono en la alcald\u00eda Tlalpan de la Ciudad de M\u00e9xico, por lo que la Comisi\u00f3n Ambiental de la Megal\u00f3polis activ\u00f3 la Fase 1 de Contingencia Ambiental por Ozono; entre las medidas se encuentra un doble Hoy No Circula en CDMX.<\/p>\n\n\n\n<p>Las medidas impuestas por la Comisi\u00f3n Ambiental de la Megal\u00f3polis (CAMe) incluyen al gobierno de la CDMX, as\u00ed como al del Estado de M\u00e9xico, Hidalgo, Morelos, Quer\u00e9taro, Puebla y Tlaxcala, por lo que te decimos qu\u00e9 autos est\u00e1n prohibidos.<\/p>\n\n\n\n<p>Doble Hoy No Circula CDMX<br>La restricci\u00f3n a la circulaci\u00f3n por la contingencia ambiental en la CDMX comenz\u00f3 a las 5:00 de la ma\u00f1ana de este viernes 24 de febrero y se extender\u00e1 hasta a las 22:00 horas.<\/p>\n\n\n\n<p>\u00bfQu\u00e9 veh\u00edculos no podr\u00e1n circular?<\/p>\n\n\n\n<p>Los veh\u00edculos de uso particular con holograma de verificaci\u00f3n 2.<br>Los veh\u00edculos de uso particular con holograma de verificaci\u00f3n tipo 1, cuyo \u00faltimo d\u00edgito num\u00e9rico sea 0, 2, 4, 6, 8 y 9, as\u00ed como aquellos cuya matr\u00edcula est\u00e9 conformada s\u00f3lo por letras.<br>Los veh\u00edculos de uso particular con holograma de verificaci\u00f3n \u201c0 y 00\u201d, engomado azul, terminaci\u00f3n de placa 9 y 0.<\/p>\n\n\n\n<p>Las unidades que no porten holograma de verificaci\u00f3n, como los veh\u00edculos antiguos, de demostraci\u00f3n o traslado, nuevos, los que tienen pase tur\u00edstico, placas for\u00e1neas o con placas formadas por letras, les aplica la misma restricci\u00f3n que a los veh\u00edculos que portan holograma \u201c2\u201d.<\/p>\n\n\n\n<p>Otras restricciones<\/p>\n\n\n\n<p>Restricci\u00f3n a la circulaci\u00f3n del 50 por ciento de las unidades de reparto de gas L.P. a tanques estacionarios que no cuenten con v\u00e1lvula de desconexi\u00f3n seca, cuya terminaci\u00f3n de matr\u00edcula sea PAR.<\/p>\n\n\n\n<p>Los veh\u00edculos de carga local o federal dejan de circular entre las 6:00 y las 10:00 horas., con excepci\u00f3n de aquellos que se encuentren en el Programa de Autorregulaci\u00f3n de la CDMX o Edomex.<\/p>\n\n\n\n<p>Los taxis con holograma de verificaci\u00f3n \u201c1\u201d o \u201c2\u201d que deban dejar de circular de acuerdo con las disposiciones indicadas en los incisos a), b), y c) les aplicar\u00e1 la restricci\u00f3n a la circulaci\u00f3n de las 10:00 a las 22:00 horas.<\/p>\n\n\n\n<p>El doble Hoy No Circula CMDX tiene como prop\u00f3sito reducir los niveles de contaminaci\u00f3n que presenta la capital del pa\u00eds, no obstante, en el transcurso del d\u00eda ser\u00e1n las autoridades quienes informen sobre la situaci\u00f3n.<\/p>\n","protected":false},"excerpt":{"rendered":"<p>La tarde del jueves 23 de febrero, se report\u00f3 una concentraci\u00f3n m\u00e1xima de ozono en la alcald\u00eda Tlalpan de la Ciudad de M\u00e9xico, por lo que la Comisi\u00f3n Ambiental de la Megal\u00f3polis activ\u00f3 la Fase 1 de Contingencia Ambiental por Ozono; entre las medidas se encuentra un doble Hoy No Circula en CDMX. Las medidas [&hellip;]<\/p>\n","protected":false},"author":4,"featured_media":22098,"comment_status":"open","ping_status":"open","sticky":false,"template":"","format":"standard","meta":{"om_disable_all_campaigns":false,"_monsterinsights_skip_tracking":false,"_monsterinsights_sitenote_active":false,"_monsterinsights_sitenote_note":"","_monsterinsights_sitenote_category":0,"footnotes":""},"categories":[176],"tags":[195],"class_list":["post-22097","post","type-post","status-publish","format-standard","has-post-thumbnail","hentry","category-nacional","tag-principal"],"amp_enabled":true,"_links":{"self":[{"href":"https:\/\/lahora.mx\/index.php\/wp-json\/wp\/v2\/posts\/22097","targetHints":{"allow":["GET"]}}],"collection":[{"href":"https:\/\/lahora.mx\/index.php\/wp-json\/wp\/v2\/posts"}],"about":[{"href":"https:\/\/lahora.mx\/index.php\/wp-json\/wp\/v2\/types\/post"}],"author":[{"embeddable":true,"href":"https:\/\/lahora.mx\/index.php\/wp-json\/wp\/v2\/users\/4"}],"replies":[{"embeddable":true,"href":"https:\/\/lahora.mx\/index.php\/wp-json\/wp\/v2\/comments?post=22097"}],"version-history":[{"count":1,"href":"https:\/\/lahora.mx\/index.php\/wp-json\/wp\/v2\/posts\/22097\/revisions"}],"predecessor-version":[{"id":22099,"href":"https:\/\/lahora.mx\/index.php\/wp-json\/wp\/v2\/posts\/22097\/revisions\/22099"}],"wp:featuredmedia":[{"embeddable":true,"href":"https:\/\/lahora.mx\/index.php\/wp-json\/wp\/v2\/media\/22098"}],"wp:attachment":[{"href":"https:\/\/lahora.mx\/index.php\/wp-json\/wp\/v2\/media?parent=22097"}],"wp:term":[{"taxonomy":"category","embeddable":true,"href":"https:\/\/lahora.mx\/index.php\/wp-json\/wp\/v2\/categories?post=22097"},{"taxonomy":"post_tag","embeddable":true,"href":"https:\/\/lahora.mx\/index.php\/wp-json\/wp\/v2\/tags?post=22097"}],"curies":[{"name":"wp","href":"https:\/\/api.w.org\/{rel}","templated":true}]}}