{"id":22094,"date":"2023-02-24T17:22:57","date_gmt":"2023-02-24T17:22:57","guid":{"rendered":"http:\/\/lahora.mx\/?p=22094"},"modified":"2023-02-24T17:22:58","modified_gmt":"2023-02-24T17:22:58","slug":"continua-la-contingencia-ambiental-en-valle-de-mexico","status":"publish","type":"post","link":"https:\/\/lahora.mx\/index.php\/2023\/02\/24\/continua-la-contingencia-ambiental-en-valle-de-mexico\/","title":{"rendered":"Continua la contingencia ambiental en Valle de M\u00e9xico"},"content":{"rendered":"\n<p>La Comisi\u00f3n Ambiental de la Megal\u00f3polis (CAMe) inform\u00f3 que la mala calidad del aire contin\u00faa en la Zona Metropolitana del Valle de M\u00e9xico, por lo que contin\u00faa la Fase 1 de contingencia ambiental.<\/p>\n\n\n\n<p>La CAMe activ\u00f3 la Fase 1 de contingencia este jueves a las 15:00 horas, luego de registrar una concentraci\u00f3n m\u00e1xima de ozono de 155 ppb en la estaci\u00f3n de monitoreo Ajusco Medio, de la Alcald\u00eda Tlalpan, Ciudad de M\u00e9xico.<\/p>\n\n\n\n<p>Este viernes, en el bolet\u00edn de las 10:00 horas, el Sistema de Monitoreo de la Calidad del Aire de la Ciudad de M\u00e9xico inform\u00f3 que la combinaci\u00f3n de la estabilidad atmosf\u00e9rica, propia del sistema de alta presi\u00f3n y la radiaci\u00f3n solar que estar\u00e1 presente durante el d\u00eda, favorecer\u00e1n el estancamiento de los contaminantes y la formaci\u00f3n de ozono, ocasionando calidad del aire de Mala a Muy Mala.<\/p>\n\n\n\n<p>La CAMe explic\u00f3 que estar\u00e1 atenta a la calidad del aire y a la evoluci\u00f3n de las condiciones meteorol\u00f3gicas prevalecientes en la ZMVM e informar\u00e1 sobre las acciones a seguir en un bolet\u00edn que se emitir\u00e1 el d\u00eda de hoy a las 15:00 horas.<\/p>\n\n\n\n<p>\u00bfQu\u00e9 autos no circulan este viernes 24 de febrero por contingencia ambiental?<\/p>\n\n\n\n<p>Debido a la activaci\u00f3n de la Fase 1 de Contingencia Ambiental, este viernes 24 de febrero deben suspender su circulaci\u00f3n en horario de las 5:00 a las 22:00 horas:<\/p>\n\n\n\n<p>Los veh\u00edculos de uso particular con holograma de verificaci\u00f3n 2.<br>Los veh\u00edculos de uso particular con holograma de verificaci\u00f3n tipo 1 cuyo \u00faltimo d\u00edgito num\u00e9rico sea 0, 2, 4, 6, 8 y 9 as\u00ed como aquellos cuya matr\u00edcula est\u00e9 conformada s\u00f3lo por letras.<br>Los veh\u00edculos de uso particular con holograma de verificaci\u00f3n \u201c0 y 00\u201d, engomado azul, terminaci\u00f3n de placa 9 y 0.<br>Las unidades que no porten holograma de verificaci\u00f3n, como los veh\u00edculos antiguos, de demostraci\u00f3n o traslado, nuevos, los que tienen pase tur\u00edstico, placas for\u00e1neas o con placas formadas por letras, les aplica la misma restricci\u00f3n que a los veh\u00edculos que portan holograma \u201c2\u201d.<br>Restricci\u00f3n a la circulaci\u00f3n del 50% de las unidades de reparto de gas L.P. a tanques estacionarios que no cuenten con v\u00e1lvula de desconexi\u00f3n seca, cuya terminaci\u00f3n de matr\u00edcula sea PAR.<br>Los veh\u00edculos de carga local o federal dejan de circular entre las 6:00 y las 10:00 horas., con excepci\u00f3n de aquellos que se encuentren en el Programa de Autorregulaci\u00f3n de la CDMX o EDOMEX.<br>Los taxis con holograma de verificaci\u00f3n \u201c1\u201d o \u201c2\u201d que deban dejar de circular de acuerdo a las disposiciones indicadas en los incisos a), b), y c) les aplicar\u00e1 la restricci\u00f3n a la circulaci\u00f3n de las 10:00 a las 22:00 horas.<br><\/p>\n\n\n\n<p>Evite hacer actividades c\u00edvicas, culturales y de recreo, as\u00ed como evitar hacer ejercicio al aire libre entre las 13:00 y 19:00 horas.<br>Suspenda cualquier actividad al aire libre organizada por instituciones p\u00fablicas o privadas, en horario comprendido entre las 13:00 y las 19:00 horas.<br>Posponga los eventos al aire libre, deportivos, culturales o espect\u00e1culos masivos, programados entre las 13:00 y las 19:00.<br>No fumar, especialmente en espacios cerrados<\/p>\n","protected":false},"excerpt":{"rendered":"<p>La Comisi\u00f3n Ambiental de la Megal\u00f3polis (CAMe) inform\u00f3 que la mala calidad del aire contin\u00faa en la Zona Metropolitana del Valle de M\u00e9xico, por lo que contin\u00faa la Fase 1 de contingencia ambiental. La CAMe activ\u00f3 la Fase 1 de contingencia este jueves a las 15:00 horas, luego de registrar una concentraci\u00f3n m\u00e1xima de ozono [&hellip;]<\/p>\n","protected":false},"author":4,"featured_media":22095,"comment_status":"open","ping_status":"open","sticky":false,"template":"","format":"standard","meta":{"om_disable_all_campaigns":false,"_monsterinsights_skip_tracking":false,"_monsterinsights_sitenote_active":false,"_monsterinsights_sitenote_note":"","_monsterinsights_sitenote_category":0,"footnotes":""},"categories":[176],"tags":[195],"class_list":["post-22094","post","type-post","status-publish","format-standard","has-post-thumbnail","hentry","category-nacional","tag-principal"],"amp_enabled":true,"_links":{"self":[{"href":"https:\/\/lahora.mx\/index.php\/wp-json\/wp\/v2\/posts\/22094","targetHints":{"allow":["GET"]}}],"collection":[{"href":"https:\/\/lahora.mx\/index.php\/wp-json\/wp\/v2\/posts"}],"about":[{"href":"https:\/\/lahora.mx\/index.php\/wp-json\/wp\/v2\/types\/post"}],"author":[{"embeddable":true,"href":"https:\/\/lahora.mx\/index.php\/wp-json\/wp\/v2\/users\/4"}],"replies":[{"embeddable":true,"href":"https:\/\/lahora.mx\/index.php\/wp-json\/wp\/v2\/comments?post=22094"}],"version-history":[{"count":1,"href":"https:\/\/lahora.mx\/index.php\/wp-json\/wp\/v2\/posts\/22094\/revisions"}],"predecessor-version":[{"id":22096,"href":"https:\/\/lahora.mx\/index.php\/wp-json\/wp\/v2\/posts\/22094\/revisions\/22096"}],"wp:featuredmedia":[{"embeddable":true,"href":"https:\/\/lahora.mx\/index.php\/wp-json\/wp\/v2\/media\/22095"}],"wp:attachment":[{"href":"https:\/\/lahora.mx\/index.php\/wp-json\/wp\/v2\/media?parent=22094"}],"wp:term":[{"taxonomy":"category","embeddable":true,"href":"https:\/\/lahora.mx\/index.php\/wp-json\/wp\/v2\/categories?post=22094"},{"taxonomy":"post_tag","embeddable":true,"href":"https:\/\/lahora.mx\/index.php\/wp-json\/wp\/v2\/tags?post=22094"}],"curies":[{"name":"wp","href":"https:\/\/api.w.org\/{rel}","templated":true}]}}