{"id":22030,"date":"2023-02-23T14:44:33","date_gmt":"2023-02-23T14:44:33","guid":{"rendered":"http:\/\/lahora.mx\/?p=22030"},"modified":"2023-02-23T14:44:33","modified_gmt":"2023-02-23T14:44:33","slug":"cede-la-inflacion-en-mexico-y-se-ubica-en-7-76-en-la-primera-quincena-de-febrero","status":"publish","type":"post","link":"https:\/\/lahora.mx\/index.php\/2023\/02\/23\/cede-la-inflacion-en-mexico-y-se-ubica-en-7-76-en-la-primera-quincena-de-febrero\/","title":{"rendered":"Cede la inflaci\u00f3n en M\u00e9xico y se ubica en 7.76% en la primera quincena de febrero"},"content":{"rendered":"\n<p>La inflaci\u00f3n a los consumidores parece estar cediendo luego de un 2022 con altos niveles que, incluso, superaron 8.00%, de acuerdo con los datos divulgados por el Instituto Nacional de Estad\u00edstica y Geograf\u00eda (Inegi).<\/p>\n\n\n\n<p>En la primera quincena de febrero, el \u00cdndice Nacional de Precios al Consumidor (INPC) report\u00f3 un avance quincenal de 0.30%, mientras que a tasa anual se ubic\u00f3 en 7.76 por ciento.<\/p>\n\n\n\n<p>Lo anterior supone una segunda desaceleraci\u00f3n al hilo de la inflaci\u00f3n, ya que en la segunda quincena de enero el dato anual reportado fue de 7.88 por ciento.<\/p>\n\n\n\n<p>La inflaci\u00f3n reportada en la primera mitad de febrero se ubic\u00f3 ligeramente por debajo de lo que esperaba el mercado, que era un aumento de precios de 7.80 por ciento.<\/p>\n\n\n\n<p>En el 2022, los precios al consumidor escalaron y reportaron niveles no vistos en d\u00e9cadas alrededor del mundo, lo que llev\u00f3 a que los bancos centrales incrementaran sus tasas de inter\u00e9s.<\/p>\n\n\n\n<p>En el caso del Banco de M\u00e9xico (Banxico), cuya tasa de inflaci\u00f3n objetivo es de 3% +\/-1 punto porcentual, este ha llevado su tasa de inter\u00e9s a niveles no vistos.<\/p>\n\n\n\n<p>Subyacente da aire<br>Al interior del informe del Inegi se observ\u00f3 que la inflaci\u00f3n subyacente, que elimina de su c\u00e1lculo los bienes y servicios con precios m\u00e1s vol\u00e1tiles, cedi\u00f3 un poco de terreno.<\/p>\n\n\n\n<p>En los primeros 15 d\u00edas de febrero, la inflaci\u00f3n subyacente anual fue de 8.38%, desde el dato de 8.45% de la quincena previa.<\/p>\n\n\n\n<p>Al interior, el precio de las mercanc\u00edas mostr\u00f3 un incremento de 10.79% anual, mientras que los servicios se encarecieron en 5.58 por ciento.<\/p>\n\n\n\n<p>En el caso de la inflaci\u00f3n no subyacente, en la primera quincena del mes se ubic\u00f3 en 5.93 por ciento.<\/p>\n\n\n\n<p>Dentro de este rubro, los productos agropecuarios mostraron un aumento de precios de 9.71%, mientras que los energ\u00e9ticos y tarifas del gobierno de 2.95 por ciento.<\/p>\n","protected":false},"excerpt":{"rendered":"<p>La inflaci\u00f3n a los consumidores parece estar cediendo luego de un 2022 con altos niveles que, incluso, superaron 8.00%, de acuerdo con los datos divulgados por el Instituto Nacional de Estad\u00edstica y Geograf\u00eda (Inegi). En la primera quincena de febrero, el \u00cdndice Nacional de Precios al Consumidor (INPC) report\u00f3 un avance quincenal de 0.30%, mientras [&hellip;]<\/p>\n","protected":false},"author":4,"featured_media":22031,"comment_status":"open","ping_status":"open","sticky":false,"template":"","format":"standard","meta":{"om_disable_all_campaigns":false,"_monsterinsights_skip_tracking":false,"_monsterinsights_sitenote_active":false,"_monsterinsights_sitenote_note":"","_monsterinsights_sitenote_category":0,"footnotes":""},"categories":[176],"tags":[29,195],"class_list":["post-22030","post","type-post","status-publish","format-standard","has-post-thumbnail","hentry","category-nacional","tag-business","tag-principal"],"amp_enabled":true,"_links":{"self":[{"href":"https:\/\/lahora.mx\/index.php\/wp-json\/wp\/v2\/posts\/22030","targetHints":{"allow":["GET"]}}],"collection":[{"href":"https:\/\/lahora.mx\/index.php\/wp-json\/wp\/v2\/posts"}],"about":[{"href":"https:\/\/lahora.mx\/index.php\/wp-json\/wp\/v2\/types\/post"}],"author":[{"embeddable":true,"href":"https:\/\/lahora.mx\/index.php\/wp-json\/wp\/v2\/users\/4"}],"replies":[{"embeddable":true,"href":"https:\/\/lahora.mx\/index.php\/wp-json\/wp\/v2\/comments?post=22030"}],"version-history":[{"count":1,"href":"https:\/\/lahora.mx\/index.php\/wp-json\/wp\/v2\/posts\/22030\/revisions"}],"predecessor-version":[{"id":22032,"href":"https:\/\/lahora.mx\/index.php\/wp-json\/wp\/v2\/posts\/22030\/revisions\/22032"}],"wp:featuredmedia":[{"embeddable":true,"href":"https:\/\/lahora.mx\/index.php\/wp-json\/wp\/v2\/media\/22031"}],"wp:attachment":[{"href":"https:\/\/lahora.mx\/index.php\/wp-json\/wp\/v2\/media?parent=22030"}],"wp:term":[{"taxonomy":"category","embeddable":true,"href":"https:\/\/lahora.mx\/index.php\/wp-json\/wp\/v2\/categories?post=22030"},{"taxonomy":"post_tag","embeddable":true,"href":"https:\/\/lahora.mx\/index.php\/wp-json\/wp\/v2\/tags?post=22030"}],"curies":[{"name":"wp","href":"https:\/\/api.w.org\/{rel}","templated":true}]}}