{"id":21993,"date":"2023-02-22T18:50:28","date_gmt":"2023-02-22T18:50:28","guid":{"rendered":"http:\/\/lahora.mx\/?p=21993"},"modified":"2023-02-22T18:50:29","modified_gmt":"2023-02-22T18:50:29","slug":"el-presidente-andres-manuel-lopez-obrador-sugirio-a-genaro-garcia-luna-que-se-declare-como-testigo-en-estados-unidos","status":"publish","type":"post","link":"https:\/\/lahora.mx\/index.php\/2023\/02\/22\/el-presidente-andres-manuel-lopez-obrador-sugirio-a-genaro-garcia-luna-que-se-declare-como-testigo-en-estados-unidos\/","title":{"rendered":"El presidente Andr\u00e9s Manuel L\u00f3pez Obrador sugiri\u00f3 a Genaro Garc\u00eda Luna que se declare como testigo en Estados Unidos"},"content":{"rendered":"\n<p>El presidente Andr\u00e9s Manuel L\u00f3pez Obrador sugiri\u00f3 a Genaro Garc\u00eda Luna que se declare como testigo en Estados Unidos tras ser hallado culpable de cinco cargos, cuatro de ellos por narcotr\u00e1fico, a cambio de revelar si recib\u00eda \u00f3rdenes de Vicente Fox y Felipe Calder\u00f3n.<\/p>\n\n\n\n<p>\u00abTodav\u00eda hay la posibilidad de que Garc\u00eda Luna se declare como testigo y yo dir\u00eda, como presidente de M\u00e9xico, por el bien de pa\u00eds, que ojal\u00e1 y lo haga a cambio de que informe sobre si recib\u00eda \u00f3rdenes o informaba a los expresidentes, tanto a Fox como a Calder\u00f3n, a Fox cuando estaba en la AFI y a Calder\u00f3n cuando era secretario\u201d, dijo en su conferencia de este mi\u00e9rcoles 22 de febrero, un d\u00eda despu\u00e9s del veredicto.<\/p>\n\n\n\n<p>Adem\u00e1s, dijo que Garc\u00eda Luna tambi\u00e9n podr\u00eda revelar cu\u00e1les eran sus v\u00ednculos con las autoridades de Estados Unidos, lo cual, consider\u00f3 que \u201ces bueno\u201d no s\u00f3lo para ese pa\u00eds, sino para M\u00e9xico.<\/p>\n\n\n\n<p>Consider\u00f3 que el juicio contra el exfuncionario de Felipe Calder\u00f3n adem\u00e1s es una \u201cbuena contribuci\u00f3n\u201d para seguir limpiando la corrupci\u00f3n que hay en M\u00e9xico, aunque aclar\u00f3 que este proceso no es contra el pa\u00eds, ya que \u00e9ste lo conforma el pueblo y no una persona como Garc\u00eda Luna, el propio mandatario o los expresidentes.<\/p>\n\n\n\n<p>\u201cConsidero que Garc\u00eda Luna, inclusive Felipe Calder\u00f3n, el presidente actual, no somos M\u00e9xico, somos representantes de un pa\u00eds, M\u00e9xico es su pueblo, no equiparar, eso est\u00e1 mal, si est\u00e1n enjuiciando a un funcionario de M\u00e9xico no es un juicio contra M\u00e9xico, eso dejarlo de manifiesto, yo dir\u00eda que ayuda a seguir limpiando la corrupci\u00f3n en M\u00e9xico\u201d, puntualiz\u00f3.<\/p>\n\n\n\n<p>Reiter\u00f3 que este proceso por s\u00ed mismo \u201ces una buena contribuci\u00f3n\u201d y aunque podr\u00eda ser mayor el aporte, la ense\u00f1anza es que \u201cnunca m\u00e1s se deben de repetir estos hechos\u201d.<\/p>\n\n\n\n<p>Genaro Garc\u00eda Luna fue declarado culpable ayer 21 de febrero por los 12 miembros del jurado de los cinco cargos que le imputaban las autoridades de Estados Unidos, cuatro de ellos por conspiraci\u00f3n para la importaci\u00f3n y posesi\u00f3n de coca\u00edna de la mano del c\u00e1rtel de Sinaloa, liderado por Joaqu\u00edn El Chapo Guzm\u00e1n e Ismael El Mayo Zambada.<\/p>\n\n\n\n<p>Tras un mes de juicio y tres d\u00edas de deliberaciones, el jurado tom\u00f3 la decisi\u00f3n y a las 13:54 horas el juez Brian Cogan ley\u00f3 el veredicto un\u00e1nime en el que se determin\u00f3 que el exsecretario de Seguridad era culpable de los cinco cargos en su contra.<\/p>\n\n\n\n<p>La Fiscal\u00eda de Nueva York present\u00f3 26 testigos, 9 de ellos colaboradores que son exnarcotraficantes confesos y que purgan una pena en ese pa\u00eds, como evidencia de los nexos de Garc\u00eda Luna con el narcotr\u00e1fico y c\u00f3mo se benefici\u00f3 a trav\u00e9s de millonarios sobornos a cambio de permitir su operaci\u00f3n.<\/p>\n","protected":false},"excerpt":{"rendered":"<p>El presidente Andr\u00e9s Manuel L\u00f3pez Obrador sugiri\u00f3 a Genaro Garc\u00eda Luna que se declare como testigo en Estados Unidos tras ser hallado culpable de cinco cargos, cuatro de ellos por narcotr\u00e1fico, a cambio de revelar si recib\u00eda \u00f3rdenes de Vicente Fox y Felipe Calder\u00f3n. \u00abTodav\u00eda hay la posibilidad de que Garc\u00eda Luna se declare como [&hellip;]<\/p>\n","protected":false},"author":4,"featured_media":21994,"comment_status":"open","ping_status":"open","sticky":false,"template":"","format":"standard","meta":{"om_disable_all_campaigns":false,"_monsterinsights_skip_tracking":false,"_monsterinsights_sitenote_active":false,"_monsterinsights_sitenote_note":"","_monsterinsights_sitenote_category":0,"footnotes":""},"categories":[176],"tags":[],"class_list":["post-21993","post","type-post","status-publish","format-standard","has-post-thumbnail","hentry","category-nacional"],"amp_enabled":true,"_links":{"self":[{"href":"https:\/\/lahora.mx\/index.php\/wp-json\/wp\/v2\/posts\/21993","targetHints":{"allow":["GET"]}}],"collection":[{"href":"https:\/\/lahora.mx\/index.php\/wp-json\/wp\/v2\/posts"}],"about":[{"href":"https:\/\/lahora.mx\/index.php\/wp-json\/wp\/v2\/types\/post"}],"author":[{"embeddable":true,"href":"https:\/\/lahora.mx\/index.php\/wp-json\/wp\/v2\/users\/4"}],"replies":[{"embeddable":true,"href":"https:\/\/lahora.mx\/index.php\/wp-json\/wp\/v2\/comments?post=21993"}],"version-history":[{"count":1,"href":"https:\/\/lahora.mx\/index.php\/wp-json\/wp\/v2\/posts\/21993\/revisions"}],"predecessor-version":[{"id":21995,"href":"https:\/\/lahora.mx\/index.php\/wp-json\/wp\/v2\/posts\/21993\/revisions\/21995"}],"wp:featuredmedia":[{"embeddable":true,"href":"https:\/\/lahora.mx\/index.php\/wp-json\/wp\/v2\/media\/21994"}],"wp:attachment":[{"href":"https:\/\/lahora.mx\/index.php\/wp-json\/wp\/v2\/media?parent=21993"}],"wp:term":[{"taxonomy":"category","embeddable":true,"href":"https:\/\/lahora.mx\/index.php\/wp-json\/wp\/v2\/categories?post=21993"},{"taxonomy":"post_tag","embeddable":true,"href":"https:\/\/lahora.mx\/index.php\/wp-json\/wp\/v2\/tags?post=21993"}],"curies":[{"name":"wp","href":"https:\/\/api.w.org\/{rel}","templated":true}]}}