{"id":21978,"date":"2023-02-22T15:01:31","date_gmt":"2023-02-22T15:01:31","guid":{"rendered":"http:\/\/lahora.mx\/?p=21978"},"modified":"2023-02-22T15:01:32","modified_gmt":"2023-02-22T15:01:32","slug":"el-gobernador-sergio-salomon-cespedes-acude-al-pico-de-orizaba-ante-incendios-forestales","status":"publish","type":"post","link":"https:\/\/lahora.mx\/index.php\/2023\/02\/22\/el-gobernador-sergio-salomon-cespedes-acude-al-pico-de-orizaba-ante-incendios-forestales\/","title":{"rendered":"El gobernador Sergio Salom\u00f3n C\u00e9spedes acude al Pico de Orizaba ante incendios forestales"},"content":{"rendered":"\n<p class=\"wp-block-paragraph\">El gobernador de Puebla, Sergio Salom\u00f3n C\u00e9spedes Peregrina, supervis\u00f3 el comportamiento del incendio en la zona del Pico de Orizaba.<\/p>\n\n\n\n<p class=\"wp-block-paragraph\">Fue a trav\u00e9s de las redes sociales del mandatario estatal que comparti\u00f3 un video que lo muestran en la zona de las \u00e1reas afectadas, junto con brigadistas.<\/p>\n\n\n\n<p class=\"wp-block-paragraph\">En el lugar expres\u00f3 su reconocimiento al personal de las diferentes brigadas que \u201ccon valent\u00eda combaten este siniestro\u201d.<\/p>\n\n\n\n<p class=\"wp-block-paragraph\">Puebla registr\u00f3 14 incendios forestales durante las \u00faltimas 48 horas, de los cuales 10 se mantienen activos, entre ellos el de Atzitzintla, cuya evaluaci\u00f3n preliminar establece da\u00f1os en 80 hect\u00e1reas.<\/p>\n\n\n\n<p class=\"wp-block-paragraph\">El 21 de febrero el Centro Estatal de Manejo del Fuego report\u00f3 ocho nuevos incidentes en los municipios de Zacatl\u00e1n, Tlachichuca, San Nicol\u00e1s de los Ranchos, Tlahuapan, Puebla, Acajete y Chignahuapan.<\/p>\n","protected":false},"excerpt":{"rendered":"<p>El gobernador de Puebla, Sergio Salom\u00f3n C\u00e9spedes Peregrina, supervis\u00f3 el comportamiento del incendio en la zona del Pico de Orizaba. Fue a trav\u00e9s de las redes sociales del mandatario estatal que comparti\u00f3 un video que lo muestran en la zona de las \u00e1reas afectadas, junto con brigadistas. En el lugar expres\u00f3 su reconocimiento al personal [&hellip;]<\/p>\n","protected":false},"author":4,"featured_media":21979,"comment_status":"open","ping_status":"open","sticky":false,"template":"","format":"standard","meta":{"om_disable_all_campaigns":false,"_monsterinsights_skip_tracking":false,"footnotes":""},"categories":[175],"tags":[223],"class_list":["post-21978","post","type-post","status-publish","format-standard","has-post-thumbnail","hentry","category-local","tag-puebla"],"amp_enabled":true,"_links":{"self":[{"href":"https:\/\/lahora.mx\/index.php\/wp-json\/wp\/v2\/posts\/21978","targetHints":{"allow":["GET"]}}],"collection":[{"href":"https:\/\/lahora.mx\/index.php\/wp-json\/wp\/v2\/posts"}],"about":[{"href":"https:\/\/lahora.mx\/index.php\/wp-json\/wp\/v2\/types\/post"}],"author":[{"embeddable":true,"href":"https:\/\/lahora.mx\/index.php\/wp-json\/wp\/v2\/users\/4"}],"replies":[{"embeddable":true,"href":"https:\/\/lahora.mx\/index.php\/wp-json\/wp\/v2\/comments?post=21978"}],"version-history":[{"count":1,"href":"https:\/\/lahora.mx\/index.php\/wp-json\/wp\/v2\/posts\/21978\/revisions"}],"predecessor-version":[{"id":21980,"href":"https:\/\/lahora.mx\/index.php\/wp-json\/wp\/v2\/posts\/21978\/revisions\/21980"}],"wp:featuredmedia":[{"embeddable":true,"href":"https:\/\/lahora.mx\/index.php\/wp-json\/wp\/v2\/media\/21979"}],"wp:attachment":[{"href":"https:\/\/lahora.mx\/index.php\/wp-json\/wp\/v2\/media?parent=21978"}],"wp:term":[{"taxonomy":"category","embeddable":true,"href":"https:\/\/lahora.mx\/index.php\/wp-json\/wp\/v2\/categories?post=21978"},{"taxonomy":"post_tag","embeddable":true,"href":"https:\/\/lahora.mx\/index.php\/wp-json\/wp\/v2\/tags?post=21978"}],"curies":[{"name":"wp","href":"https:\/\/api.w.org\/{rel}","templated":true}]}}