{"id":21944,"date":"2023-02-22T02:09:52","date_gmt":"2023-02-22T02:09:52","guid":{"rendered":"http:\/\/lahora.mx\/?p=21944"},"modified":"2023-02-22T02:09:53","modified_gmt":"2023-02-22T02:09:53","slug":"corte-de-eu-halla-culpable-de-cinco-cargos-a-genaro-garcia-luna","status":"publish","type":"post","link":"https:\/\/lahora.mx\/index.php\/2023\/02\/22\/corte-de-eu-halla-culpable-de-cinco-cargos-a-genaro-garcia-luna\/","title":{"rendered":"Corte de EU halla culpable de cinco cargos a Genaro Garc\u00eda Luna"},"content":{"rendered":"\n<p>Genaro Garc\u00eda Luna fue declarado culpable hoy 21 de febrero en la Corte de Brooklyn, Estados Unidos, al imput\u00e1rsele un total de cinco cargos.<\/p>\n\n\n\n<p>Los miembros que componen el jurado de Nueva York (integrado por m\u00e1s de una decena de ciudadanos de esta entidad) lo acusaron por brindar ayuda y protecci\u00f3n al C\u00e1rtel de Sinaloa cuando se desempe\u00f1aba como Secretario de Seguridad P\u00fablica de M\u00e9xico, es decir, durante la gesti\u00f3n del expresidente Felipe Calder\u00f3n (2006-2012).<\/p>\n\n\n\n<p>Entre los cinco cargos que le fueron imputados se encuentran tres por conspirar, importar y distribuir coca\u00edna. Los dos restantes fueron por su pertenencia a un grupo criminal y por brindar declaraciones falsas.<br>\u00bfCu\u00e1ntos a\u00f1os pasar\u00e1 Garc\u00eda Luna en prisi\u00f3n?<br>La sentencia de la Corte de Estados Unidos a Genaro Garc\u00eda Luna por proteger al C\u00e1rtel de Sinaloa puede ir desde los 10 a\u00f1os en prisi\u00f3n hasta una cadena perpetua, seg\u00fan determine el juez Brian Cogan el pr\u00f3ximo 27 de junio.<\/p>\n","protected":false},"excerpt":{"rendered":"<p>Genaro Garc\u00eda Luna fue declarado culpable hoy 21 de febrero en la Corte de Brooklyn, Estados Unidos, al imput\u00e1rsele un total de cinco cargos. Los miembros que componen el jurado de Nueva York (integrado por m\u00e1s de una decena de ciudadanos de esta entidad) lo acusaron por brindar ayuda y protecci\u00f3n al C\u00e1rtel de Sinaloa [&hellip;]<\/p>\n","protected":false},"author":4,"featured_media":21945,"comment_status":"open","ping_status":"open","sticky":false,"template":"","format":"standard","meta":{"om_disable_all_campaigns":false,"_monsterinsights_skip_tracking":false,"_monsterinsights_sitenote_active":false,"_monsterinsights_sitenote_note":"","_monsterinsights_sitenote_category":0,"footnotes":""},"categories":[176],"tags":[],"class_list":["post-21944","post","type-post","status-publish","format-standard","has-post-thumbnail","hentry","category-nacional"],"amp_enabled":true,"_links":{"self":[{"href":"https:\/\/lahora.mx\/index.php\/wp-json\/wp\/v2\/posts\/21944","targetHints":{"allow":["GET"]}}],"collection":[{"href":"https:\/\/lahora.mx\/index.php\/wp-json\/wp\/v2\/posts"}],"about":[{"href":"https:\/\/lahora.mx\/index.php\/wp-json\/wp\/v2\/types\/post"}],"author":[{"embeddable":true,"href":"https:\/\/lahora.mx\/index.php\/wp-json\/wp\/v2\/users\/4"}],"replies":[{"embeddable":true,"href":"https:\/\/lahora.mx\/index.php\/wp-json\/wp\/v2\/comments?post=21944"}],"version-history":[{"count":1,"href":"https:\/\/lahora.mx\/index.php\/wp-json\/wp\/v2\/posts\/21944\/revisions"}],"predecessor-version":[{"id":21946,"href":"https:\/\/lahora.mx\/index.php\/wp-json\/wp\/v2\/posts\/21944\/revisions\/21946"}],"wp:featuredmedia":[{"embeddable":true,"href":"https:\/\/lahora.mx\/index.php\/wp-json\/wp\/v2\/media\/21945"}],"wp:attachment":[{"href":"https:\/\/lahora.mx\/index.php\/wp-json\/wp\/v2\/media?parent=21944"}],"wp:term":[{"taxonomy":"category","embeddable":true,"href":"https:\/\/lahora.mx\/index.php\/wp-json\/wp\/v2\/categories?post=21944"},{"taxonomy":"post_tag","embeddable":true,"href":"https:\/\/lahora.mx\/index.php\/wp-json\/wp\/v2\/tags?post=21944"}],"curies":[{"name":"wp","href":"https:\/\/api.w.org\/{rel}","templated":true}]}}