{"id":21917,"date":"2023-02-21T17:50:00","date_gmt":"2023-02-21T17:50:00","guid":{"rendered":"http:\/\/lahora.mx\/?p=21917"},"modified":"2023-02-21T17:50:01","modified_gmt":"2023-02-21T17:50:01","slug":"homicidios-dolosos-suben-6-4-en-enero-en-mexico","status":"publish","type":"post","link":"https:\/\/lahora.mx\/index.php\/2023\/02\/21\/homicidios-dolosos-suben-6-4-en-enero-en-mexico\/","title":{"rendered":"Homicidios dolosos suben 6.4% en enero en M\u00e9xico"},"content":{"rendered":"\n<p>El presidente Andr\u00e9s Manuel L\u00f3pez Obrador ofrece su tradicional conferencia de prensa matutina este martes 21 de febrero de 2023 acompa\u00f1ado de Jorge Mendoza, director de Banobras; Rosa Icela Rodr\u00edguez, secretar\u00eda de Seguridad P\u00fablica; Luis Cresencio Sandoval, secretario de la Defensa Nacional y el almirante Jos\u00e9 Rafael Ojeda, secretario de Marina.<\/p>\n\n\n\n<p>AMLO descarta que \u2018Plan B\u2019 de la reforma electoral despierte al M\u00e9xico \u2018bronco y violento\u2019<br>Andr\u00e9s Manuel L\u00f3pez Obrador descart\u00f3 que el \u2018Plan B\u2019 de la reforma electoral despierte al M\u00e9xico \u2018bronco y violento\u2019, como se\u00f1al\u00f3 Lorenzo C\u00f3rdova, consejero presidente del INE.<\/p>\n\n\n\n<p>Cuestionado sobre estas declaraciones, el mandatario mexicano afirm\u00f3 que el pueblo mexicano act\u00faa con responsabilidad y record\u00f3 cuando Lorenzo C\u00f3rdova fue exhibido burl\u00e1ndose de la manera de hablar de un hombre ind\u00edgena.<\/p>\n\n\n\n<p>\u201cNo hay ning\u00fan problema porque el pueblo es muy responsable y ellos ya se divorciaron por completo del pueblo. Nunca estuvieron en correspondencia y comunicaci\u00f3n con el pueblo. Lorenzo C\u00f3rdova es el que se burlaba de ind\u00edgenas y mostr\u00f3 su racismo, son d\u00e9spotas y prepotentes. Adem\u00e1s, la gente est\u00e1 a favor de que contin\u00fae la transformaci\u00f3n\u201d, asegur\u00f3 AMLO en Palacio Nacional.<\/p>\n\n\n\n<p>AMLO recibe a congresistas de EU en Palacio Nacional \u00bfDe qu\u00e9 hablaron?<br>AMLO e integrantes del gabinete federal estuvieron reunidos con los congresistas de EU. <br>En este contexto, L\u00f3pez Obrador reiter\u00f3 que el INE es un organismo muy costoso, mismo que est\u00e1 al servicio de los potentados y avala los fraudes electorales.<\/p>\n\n\n\n<p>El titular del Ejecutivo se refiri\u00f3 a las advertencias de Lorenzo C\u00f3rdova realizadas durante la presentaci\u00f3n del \u00cdndice de Desarrollo Democr\u00e1tico 2022 el lunes 20 de febrero en las que dijo que M\u00e9xico \u2018perecer\u00e1\u2019 con \u2018Plan B\u2019 de reforma electoral.<\/p>\n\n\n\n<p>Las cifras de homicidios y feminicidios en enero 2023<br>Rosa Icela Rodr\u00edguez, secretaria de Seguridad y Protecci\u00f3n Ciudadana (SSPC), dio a conocer las cifras de homicidios dolosos y feminicidios registrados en enero de 2023.<\/p>\n\n\n\n<p>El n\u00famero de homicidios dolosos registr\u00f3 un repunte de 6.43 por ciento en enero de 2023, de acuerdo con las cifras presentadas en la conferencia matutina.<\/p>\n\n\n\n<p>Durante el primer mes del a\u00f1o, se contabilizaron un total de 2 mil 582 homicidios dolosos, 156 casos m\u00e1s que en enero de 2022.<\/p>\n\n\n\n<p>De acuerdo a datos de la SSPC, M\u00e9xico registr\u00f3 un promedio 85 homicidios dolosos diarios de febrero de 2022 a enero de 2023.<\/p>\n\n\n\n<p>Seis estados de la Rep\u00fablica concentraron casi la mitad de los homicidios dolosos registrados en todo 2022.<\/p>\n\n\n\n<p>Estos estados son:<\/p>\n\n\n\n<p>Estado de M\u00e9xico<br>Guanajuato<br>Baja California<br>Chihuahua<br>Jalisco<br>Guerrero<\/p>\n\n\n\n<p>Gr\u00e1fica de homicidios dolosos<\/p>\n\n\n\n<p>Sobre los casos de feminicidio, la secretaria de Seguridad report\u00f3 72 casos en enero de 2023, nueve menos que los contabilizados en enero de 2022, lo que representa una disminuci\u00f3n de 12.5 por ciento.<\/p>\n\n\n\n<p>Cifra de feminicidios en M\u00e9xico durante los \u00faltimos 8 a\u00f1os.<\/p>\n\n\n\n<p>Equipo de rescate de M\u00e9xico en Turqu\u00eda logr\u00f3 el rescate de 4 personas con vida y de 37 cuerpos<br>Luis Cresencio Sandoval, titular de la Sedena, inform\u00f3 que todo el equipo de rescate mexicano enviado a Turqu\u00eda tras los devastadores sismos de 7.8 y 7.5 grados ya se encuentra en M\u00e9xico.<\/p>\n\n\n\n<p>La delegaci\u00f3n -conformada por 93 elementos del Ej\u00e9rcito, 37 de la Marina, 15 de la Cruz Roja y 5 de la Secretar\u00eda de Relaciones Exteriores- lleg\u00f3 sana y salva, con excepci\u00f3n del fallecimiento del perrito rescatista Proteo, quien muri\u00f3 el viernes 10 de febrero tras realizar actividades de b\u00fasqueda a personas atrapadas.<\/p>\n\n\n\n<p>El equipo mexicano logro:<\/p>\n\n\n\n<p>Rescatar a 4 personas con vida<br>Recuperar 37 cuerpos de entre los escombros<br>Remover 65 metros cuadrados de escombros<br>Realizar 116 consultas m\u00e9dicas<\/p>\n\n\n\n<p>Estas fueron las acciones de la Marina tras la detenci\u00f3n de Ovidio Guzm\u00e1n<br>El almirante Rafael Ojeda dio un informe sobre las acciones que ha realizado la Marina tras la detenci\u00f3n de Ovidio Guzm\u00e1n el pasado jueves 5 de enero de 2023.<\/p>\n\n\n\n<p>Entre las operaciones destaca el aseguramiento -tras trabajos de inteligencia- de una casa de seguridad del grupo delincuencial \u2018Los Menores\u2019 en Culiac\u00e1n, Sinaloa, que fung\u00eda lugar de resguardo de armas de alto calibre y de uso exclusivo del Ej\u00e9rcito.<\/p>\n\n\n\n<p>En el lugar se decomisaron 35 armas largas, 33 cargadores y 3 mil 999 cartuchos.<\/p>\n\n\n\n<p>Este aseguramiento se suma al realizado el pasado 3 de enero, cuando el Ej\u00e9rcito y de la Guardia Nacional decomiso 276 mil pastillas de fentanilo, 2 kilogramos de goma de opio, armamento y veh\u00edculos.<\/p>\n","protected":false},"excerpt":{"rendered":"<p>El presidente Andr\u00e9s Manuel L\u00f3pez Obrador ofrece su tradicional conferencia de prensa matutina este martes 21 de febrero de 2023 acompa\u00f1ado de Jorge Mendoza, director de Banobras; Rosa Icela Rodr\u00edguez, secretar\u00eda de Seguridad P\u00fablica; Luis Cresencio Sandoval, secretario de la Defensa Nacional y el almirante Jos\u00e9 Rafael Ojeda, secretario de Marina. AMLO descarta que \u2018Plan [&hellip;]<\/p>\n","protected":false},"author":4,"featured_media":21918,"comment_status":"open","ping_status":"open","sticky":false,"template":"","format":"standard","meta":{"om_disable_all_campaigns":false,"_monsterinsights_skip_tracking":false,"_monsterinsights_sitenote_active":false,"_monsterinsights_sitenote_note":"","_monsterinsights_sitenote_category":0,"footnotes":""},"categories":[176],"tags":[],"class_list":["post-21917","post","type-post","status-publish","format-standard","has-post-thumbnail","hentry","category-nacional"],"amp_enabled":true,"_links":{"self":[{"href":"https:\/\/lahora.mx\/index.php\/wp-json\/wp\/v2\/posts\/21917","targetHints":{"allow":["GET"]}}],"collection":[{"href":"https:\/\/lahora.mx\/index.php\/wp-json\/wp\/v2\/posts"}],"about":[{"href":"https:\/\/lahora.mx\/index.php\/wp-json\/wp\/v2\/types\/post"}],"author":[{"embeddable":true,"href":"https:\/\/lahora.mx\/index.php\/wp-json\/wp\/v2\/users\/4"}],"replies":[{"embeddable":true,"href":"https:\/\/lahora.mx\/index.php\/wp-json\/wp\/v2\/comments?post=21917"}],"version-history":[{"count":1,"href":"https:\/\/lahora.mx\/index.php\/wp-json\/wp\/v2\/posts\/21917\/revisions"}],"predecessor-version":[{"id":21919,"href":"https:\/\/lahora.mx\/index.php\/wp-json\/wp\/v2\/posts\/21917\/revisions\/21919"}],"wp:featuredmedia":[{"embeddable":true,"href":"https:\/\/lahora.mx\/index.php\/wp-json\/wp\/v2\/media\/21918"}],"wp:attachment":[{"href":"https:\/\/lahora.mx\/index.php\/wp-json\/wp\/v2\/media?parent=21917"}],"wp:term":[{"taxonomy":"category","embeddable":true,"href":"https:\/\/lahora.mx\/index.php\/wp-json\/wp\/v2\/categories?post=21917"},{"taxonomy":"post_tag","embeddable":true,"href":"https:\/\/lahora.mx\/index.php\/wp-json\/wp\/v2\/tags?post=21917"}],"curies":[{"name":"wp","href":"https:\/\/api.w.org\/{rel}","templated":true}]}}