{"id":2164,"date":"2022-01-25T01:22:46","date_gmt":"2022-01-25T01:22:46","guid":{"rendered":"http:\/\/lahora.mx\/?p=2164"},"modified":"2022-01-25T01:22:46","modified_gmt":"2022-01-25T01:22:46","slug":"detiene-fiscalia-de-puebla-a-personal-y-directivos-del-penal-de-san-miguel-por-caso-del-bebe-tadeo","status":"publish","type":"post","link":"https:\/\/lahora.mx\/index.php\/2022\/01\/25\/detiene-fiscalia-de-puebla-a-personal-y-directivos-del-penal-de-san-miguel-por-caso-del-bebe-tadeo\/","title":{"rendered":"Detiene Fiscal\u00eda de Puebla a personal y directivos del penal de San Miguel por caso del beb\u00e9 Tadeo"},"content":{"rendered":"<p>La\u00a0<strong>Fiscal\u00eda<\/strong>\u00a0General del Estado de Puebla, contin\u00faa obteniendo resultados de la investigaci\u00f3n que realiza ante el hallazgo del<strong>\u00a0cuerpo sin vida<\/strong>\u00a0de un\u00a0menor\u00a0de aproximadamente tres meses de edad en el Centro de Reinserci\u00f3n Social (CERESO) de\u00a0<strong>San Miguel<\/strong>\u00a0en la capital poblana.<\/p>\n<p>Con los actos de investigaci\u00f3n que ha desarrollado, la Fiscal\u00eda de Puebla solicit\u00f3, obtuvo y\u00a0cumpli\u00f3 \u00f3rdenesde\u00a0<strong>aprehensi\u00f3n<\/strong>\u00a0en contra de\u00a0<strong>personal<\/strong>\u00a0del<strong>\u00a0Centro Penitenciario<\/strong>, incluyendo niveles directivos.<\/p>\n<p>Lo anterior, respecto a los hechos que se relacionan con la\u00a0<strong>introducci\u00f3n<\/strong>\u00a0del\u00a0<strong>cuerpo<\/strong>\u00a0del menor de edad.<\/p>\n<p>Los delitos por los que se investiga a las\u00a0<strong>19 personas<\/strong>, son: abuso de autoridad o incumplimiento de un deber; infracciones a las leyes y reglamentos sobre inhumaciones y exhumaciones; y encubrimiento.<\/p>\n<blockquote class=\"twitter-tweet\">\n<p dir=\"ltr\" lang=\"es\">La <a href=\"https:\/\/twitter.com\/FiscaliaPuebla?ref_src=twsrc%5Etfw\">@FiscaliaPuebla<\/a> cumpli\u00f3 19 \u00f3rdenes de aprehensi\u00f3n contra personal del CERESO de San Miguel, incluyendo niveles directivos, a quienes se investiga por la introducci\u00f3n del cuerpo sin vida de un menor de edad al centro penitenciario.<\/p>\n<p>\ud83d\udcc4 Comunicado: <a href=\"https:\/\/t.co\/D5i5TES0Ie\">https:\/\/t.co\/D5i5TES0Ie<\/a> <a href=\"https:\/\/t.co\/YpWC1MouS0\">pic.twitter.com\/YpWC1MouS0<\/a><\/p>\n<p>\u2014 FGE Puebla (@FiscaliaPuebla) <a href=\"https:\/\/twitter.com\/FiscaliaPuebla\/status\/1485745290208448513?ref_src=twsrc%5Etfw\">January 24, 2022<\/a><\/p><\/blockquote>\n<p><script async src=\"https:\/\/platform.twitter.com\/widgets.js\" charset=\"utf-8\"><\/script><\/p>\n<p>&nbsp;<\/p>\n<p>La\u00a0<strong>Fiscal\u00eda<\/strong>\u00a0General del Estado de Puebla\u00a0<strong>contin\u00faa<\/strong>\u00a0la\u00a0<strong>investigaci\u00f3n<\/strong>\u00a0integral que lleva a cabo, hasta esclarecer en su totalidad los hechos por los que inici\u00f3 diligencias desde el 10 de enero de 2022.<\/p>\n<p>Fiscal\u00eda de la CDMX, inform\u00f3 que\u00a0se han ampliado las investigaciones sobre este caso y que se mantiene estrecha comunicaci\u00f3n con la <strong>Fiscal\u00eda del Estado de Puebla<\/strong>.<\/p>\n","protected":false},"excerpt":{"rendered":"<p>La\u00a0Fiscal\u00eda\u00a0General del Estado de Puebla, contin\u00faa obteniendo resultados de la investigaci\u00f3n que realiza ante el hallazgo del\u00a0cuerpo sin vida\u00a0de un\u00a0menor\u00a0de aproximadamente tres meses de edad en el Centro de Reinserci\u00f3n Social (CERESO) de\u00a0San Miguel\u00a0en la capital poblana. Con los actos de investigaci\u00f3n que ha desarrollado, la Fiscal\u00eda de Puebla solicit\u00f3, obtuvo y\u00a0cumpli\u00f3 \u00f3rdenesde\u00a0aprehensi\u00f3n\u00a0en contra de\u00a0personal\u00a0del\u00a0Centro [&hellip;]<\/p>\n","protected":false},"author":5,"featured_media":1992,"comment_status":"open","ping_status":"open","sticky":false,"template":"","format":"standard","meta":{"om_disable_all_campaigns":false,"_monsterinsights_skip_tracking":false,"_monsterinsights_sitenote_active":false,"_monsterinsights_sitenote_note":"","_monsterinsights_sitenote_category":0,"footnotes":""},"categories":[175],"tags":[223],"class_list":["post-2164","post","type-post","status-publish","format-standard","has-post-thumbnail","hentry","category-local","tag-puebla"],"amp_enabled":true,"_links":{"self":[{"href":"https:\/\/lahora.mx\/index.php\/wp-json\/wp\/v2\/posts\/2164","targetHints":{"allow":["GET"]}}],"collection":[{"href":"https:\/\/lahora.mx\/index.php\/wp-json\/wp\/v2\/posts"}],"about":[{"href":"https:\/\/lahora.mx\/index.php\/wp-json\/wp\/v2\/types\/post"}],"author":[{"embeddable":true,"href":"https:\/\/lahora.mx\/index.php\/wp-json\/wp\/v2\/users\/5"}],"replies":[{"embeddable":true,"href":"https:\/\/lahora.mx\/index.php\/wp-json\/wp\/v2\/comments?post=2164"}],"version-history":[{"count":1,"href":"https:\/\/lahora.mx\/index.php\/wp-json\/wp\/v2\/posts\/2164\/revisions"}],"predecessor-version":[{"id":2165,"href":"https:\/\/lahora.mx\/index.php\/wp-json\/wp\/v2\/posts\/2164\/revisions\/2165"}],"wp:featuredmedia":[{"embeddable":true,"href":"https:\/\/lahora.mx\/index.php\/wp-json\/wp\/v2\/media\/1992"}],"wp:attachment":[{"href":"https:\/\/lahora.mx\/index.php\/wp-json\/wp\/v2\/media?parent=2164"}],"wp:term":[{"taxonomy":"category","embeddable":true,"href":"https:\/\/lahora.mx\/index.php\/wp-json\/wp\/v2\/categories?post=2164"},{"taxonomy":"post_tag","embeddable":true,"href":"https:\/\/lahora.mx\/index.php\/wp-json\/wp\/v2\/tags?post=2164"}],"curies":[{"name":"wp","href":"https:\/\/api.w.org\/{rel}","templated":true}]}}