{"id":21589,"date":"2023-02-15T22:53:46","date_gmt":"2023-02-15T22:53:46","guid":{"rendered":"http:\/\/lahora.mx\/?p=21589"},"modified":"2023-02-15T22:53:49","modified_gmt":"2023-02-15T22:53:49","slug":"silvano-aureoles-destapa-a-roxana-y-carlos-martinez-a-gubernatura-de-puebla","status":"publish","type":"post","link":"https:\/\/lahora.mx\/index.php\/2023\/02\/15\/silvano-aureoles-destapa-a-roxana-y-carlos-martinez-a-gubernatura-de-puebla\/","title":{"rendered":"Silvano Aureoles destapa a Roxana y Carlos Mart\u00ednez a gubernatura de Puebla"},"content":{"rendered":"\n<p>Silvano Aureoles Conejo destap\u00f3 a Carlos Mart\u00ednez Amador y Roxana Luna Porquillo como aspirantes a la gubernatura de Puebla Partido Revolucionario Democr\u00e1tico (PRD).<\/p>\n\n\n\n<p>Durante su visita a la ciudad de Puebla, Silvano Aureoles, ex gobernador de Michoac\u00e1n (2015-2021) afirm\u00f3 que su partido cuenta con perfiles competitivos de cara a elecciones 2024.<\/p>\n\n\n\n<p>Resalt\u00f3 que el presidente del Comit\u00e9 Ejecutivo Municipal del PRD, Juli\u00e1n Rend\u00f3n Tapia podr\u00eda ser el abanderado del \u00abSol Azteca\u00bb a la alcald\u00eda de Puebla.<\/p>\n\n\n\n<p><\/p>\n\n\n\n<p>\u00abEn Puebla tenemos cartas y van a dar la batalla muy pronto, todos mujeres y hombres, aqu\u00ed tenemos buenos cuadros, para empezar dos, uno a mi izquierda (Carlos Mart\u00ednez Amador), otro a mi derecha (Juli\u00e1n Rend\u00f3n Tapia) y otra m\u00e1s a mi derecha (Roxana Luna) que tienen que ponerse las pilas\u00bb.<\/p>\n\n\n\n<p>Sin embargo, al ser cuestionado sobre la alianza con el Partido Revolucionario Institucional (PRI) y el Partido Acci\u00f3n Nacional (PAN), Aureoles Conejo afirm\u00f3 que ambas fuerzas pol\u00edticas <br>Tras destapar a Roxana Luna y Carlos Mart\u00ednez Amador a la gubernatura de Puebla, Silvano Aureoles argument\u00f3 que sin la presencia del PRD no ser\u00eda posible la consolidaci\u00f3n de una coalici\u00f3n opositora en contra de Morena y sus aliados rumbo a las elecciones de 2024.<\/p>\n","protected":false},"excerpt":{"rendered":"<p>Silvano Aureoles Conejo destap\u00f3 a Carlos Mart\u00ednez Amador y Roxana Luna Porquillo como aspirantes a la gubernatura de Puebla Partido Revolucionario Democr\u00e1tico (PRD). Durante su visita a la ciudad de Puebla, Silvano Aureoles, ex gobernador de Michoac\u00e1n (2015-2021) afirm\u00f3 que su partido cuenta con perfiles competitivos de cara a elecciones 2024. Resalt\u00f3 que el presidente [&hellip;]<\/p>\n","protected":false},"author":4,"featured_media":21590,"comment_status":"open","ping_status":"open","sticky":false,"template":"","format":"standard","meta":{"om_disable_all_campaigns":false,"_monsterinsights_skip_tracking":false,"_monsterinsights_sitenote_active":false,"_monsterinsights_sitenote_note":"","_monsterinsights_sitenote_category":0,"footnotes":""},"categories":[175],"tags":[128,223],"class_list":["post-21589","post","type-post","status-publish","format-standard","has-post-thumbnail","hentry","category-local","tag-politics","tag-puebla"],"amp_enabled":true,"_links":{"self":[{"href":"https:\/\/lahora.mx\/index.php\/wp-json\/wp\/v2\/posts\/21589","targetHints":{"allow":["GET"]}}],"collection":[{"href":"https:\/\/lahora.mx\/index.php\/wp-json\/wp\/v2\/posts"}],"about":[{"href":"https:\/\/lahora.mx\/index.php\/wp-json\/wp\/v2\/types\/post"}],"author":[{"embeddable":true,"href":"https:\/\/lahora.mx\/index.php\/wp-json\/wp\/v2\/users\/4"}],"replies":[{"embeddable":true,"href":"https:\/\/lahora.mx\/index.php\/wp-json\/wp\/v2\/comments?post=21589"}],"version-history":[{"count":1,"href":"https:\/\/lahora.mx\/index.php\/wp-json\/wp\/v2\/posts\/21589\/revisions"}],"predecessor-version":[{"id":21591,"href":"https:\/\/lahora.mx\/index.php\/wp-json\/wp\/v2\/posts\/21589\/revisions\/21591"}],"wp:featuredmedia":[{"embeddable":true,"href":"https:\/\/lahora.mx\/index.php\/wp-json\/wp\/v2\/media\/21590"}],"wp:attachment":[{"href":"https:\/\/lahora.mx\/index.php\/wp-json\/wp\/v2\/media?parent=21589"}],"wp:term":[{"taxonomy":"category","embeddable":true,"href":"https:\/\/lahora.mx\/index.php\/wp-json\/wp\/v2\/categories?post=21589"},{"taxonomy":"post_tag","embeddable":true,"href":"https:\/\/lahora.mx\/index.php\/wp-json\/wp\/v2\/tags?post=21589"}],"curies":[{"name":"wp","href":"https:\/\/api.w.org\/{rel}","templated":true}]}}