{"id":21586,"date":"2023-02-15T22:49:16","date_gmt":"2023-02-15T22:49:16","guid":{"rendered":"http:\/\/lahora.mx\/?p=21586"},"modified":"2023-02-15T22:49:16","modified_gmt":"2023-02-15T22:49:16","slug":"sergio-salomon-lamenta-asesinato-de-adolescente-en-texmelucan","status":"publish","type":"post","link":"https:\/\/lahora.mx\/index.php\/2023\/02\/15\/sergio-salomon-lamenta-asesinato-de-adolescente-en-texmelucan\/","title":{"rendered":"Sergio Salom\u00f3n lamenta asesinato de adolescente en Texmelucan"},"content":{"rendered":"\n<p>El gobernador Sergio Salom\u00f3n C\u00e9spedes lament\u00f3 los hechos ocurridos en la comunidad de San Lucas Atoyatenco y asegur\u00f3 que se dar\u00e1 con el responsable de la muerte de un joven quien al parecer fue v\u00edctima del fuego cruzado.<\/p>\n\n\n\n<p>A trav\u00e9s de sus redes sociales el mandatario se\u00f1al\u00f3 que ya instruy\u00f3 a la Fiscal\u00eda General del Estado para que resuelvan cuanto antes el caso y mantengan informado al gobernador sobre el curso de las indagatorias que se realizan.<\/p>\n\n\n\n<p>En este sentido Salom\u00f3n C\u00e9spedes detall\u00f3 que se har\u00e1 justicia y las autoridades no descansar\u00e1n hasta dar con los responsables de este atroz hecho ocurrido las primeras horas de este mi\u00e9rcoles.<\/p>\n\n\n\n<p>Hay que recordar que durante los primeros minutos de este mi\u00e9rcoles se reportaron detonaciones de arma de fuego en la comunidad de San Lucas Atoyatenco perteneciente al municipio de San Mart\u00edn Texmelucan.<\/p>\n","protected":false},"excerpt":{"rendered":"<p>El gobernador Sergio Salom\u00f3n C\u00e9spedes lament\u00f3 los hechos ocurridos en la comunidad de San Lucas Atoyatenco y asegur\u00f3 que se dar\u00e1 con el responsable de la muerte de un joven quien al parecer fue v\u00edctima del fuego cruzado. A trav\u00e9s de sus redes sociales el mandatario se\u00f1al\u00f3 que ya instruy\u00f3 a la Fiscal\u00eda General del [&hellip;]<\/p>\n","protected":false},"author":4,"featured_media":21587,"comment_status":"open","ping_status":"open","sticky":false,"template":"","format":"standard","meta":{"om_disable_all_campaigns":false,"_monsterinsights_skip_tracking":false,"_monsterinsights_sitenote_active":false,"_monsterinsights_sitenote_note":"","_monsterinsights_sitenote_category":0,"footnotes":""},"categories":[175],"tags":[223],"class_list":["post-21586","post","type-post","status-publish","format-standard","has-post-thumbnail","hentry","category-local","tag-puebla"],"amp_enabled":true,"_links":{"self":[{"href":"https:\/\/lahora.mx\/index.php\/wp-json\/wp\/v2\/posts\/21586","targetHints":{"allow":["GET"]}}],"collection":[{"href":"https:\/\/lahora.mx\/index.php\/wp-json\/wp\/v2\/posts"}],"about":[{"href":"https:\/\/lahora.mx\/index.php\/wp-json\/wp\/v2\/types\/post"}],"author":[{"embeddable":true,"href":"https:\/\/lahora.mx\/index.php\/wp-json\/wp\/v2\/users\/4"}],"replies":[{"embeddable":true,"href":"https:\/\/lahora.mx\/index.php\/wp-json\/wp\/v2\/comments?post=21586"}],"version-history":[{"count":1,"href":"https:\/\/lahora.mx\/index.php\/wp-json\/wp\/v2\/posts\/21586\/revisions"}],"predecessor-version":[{"id":21588,"href":"https:\/\/lahora.mx\/index.php\/wp-json\/wp\/v2\/posts\/21586\/revisions\/21588"}],"wp:featuredmedia":[{"embeddable":true,"href":"https:\/\/lahora.mx\/index.php\/wp-json\/wp\/v2\/media\/21587"}],"wp:attachment":[{"href":"https:\/\/lahora.mx\/index.php\/wp-json\/wp\/v2\/media?parent=21586"}],"wp:term":[{"taxonomy":"category","embeddable":true,"href":"https:\/\/lahora.mx\/index.php\/wp-json\/wp\/v2\/categories?post=21586"},{"taxonomy":"post_tag","embeddable":true,"href":"https:\/\/lahora.mx\/index.php\/wp-json\/wp\/v2\/tags?post=21586"}],"curies":[{"name":"wp","href":"https:\/\/api.w.org\/{rel}","templated":true}]}}