{"id":2152,"date":"2022-01-25T01:01:08","date_gmt":"2022-01-25T01:01:08","guid":{"rendered":"http:\/\/lahora.mx\/?p=2152"},"modified":"2022-01-25T01:03:48","modified_gmt":"2022-01-25T01:03:48","slug":"top-5-de-gobernadores-aprobados-por-generos","status":"publish","type":"post","link":"https:\/\/lahora.mx\/index.php\/2022\/01\/25\/top-5-de-gobernadores-aprobados-por-generos\/","title":{"rendered":"Top 5 de Gobernadores aprobados por g\u00e9neros"},"content":{"rendered":"<p>En diciembre pasado, las y los gobernantes mejor evaluados en los estados fueron los siguientes:<\/p>\n<p><strong>HOMBRES<\/strong><br \/>\n1. Mauricio Vila Yucat\u00e1n<br \/>\n2. Miguel Riquelme Coahuila<br \/>\n3. Carlos Joaqu\u00edn Gonz\u00e1lez Quintana Roo<br \/>\n4. Mauricio Kuri Quer\u00e9taro<br \/>\n5. Rub\u00e9n Rocha Sinaloa<\/p>\n<p>&nbsp;<\/p>\n<p><strong>MUJERES<\/strong><br \/>\n1. Marina \u00c1vila Baja California<br \/>\n2. Claudia Sheinbaum CDMX<br \/>\n3. Lorena Cuellar Tlaxcala<br \/>\n4. Evelyn Salgado Guerrero<br \/>\n5. Maru Campos Chihuahua<\/p>\n<blockquote class=\"twitter-tweet\">\n<p dir=\"ltr\" lang=\"es\">Las gobernadoras mejor aprobadas en <a href=\"https:\/\/twitter.com\/hashtag\/Morena?src=hash&amp;ref_src=twsrc%5Etfw\">#Morena<\/a> son:<a href=\"https:\/\/twitter.com\/MarinadelPilar?ref_src=twsrc%5Etfw\">@MarinadelPilar<\/a> <a href=\"https:\/\/twitter.com\/hashtag\/BajaCalifornia?src=hash&amp;ref_src=twsrc%5Etfw\">#BajaCalifornia<\/a><a href=\"https:\/\/twitter.com\/Claudiashein?ref_src=twsrc%5Etfw\">@Claudiashein<\/a> <a href=\"https:\/\/twitter.com\/hashtag\/CDMX?src=hash&amp;ref_src=twsrc%5Etfw\">#CDMX<\/a><a href=\"https:\/\/twitter.com\/LorenaCuellar?ref_src=twsrc%5Etfw\">@LorenaCuellar<\/a> <a href=\"https:\/\/twitter.com\/hashtag\/Tlaxcala?src=hash&amp;ref_src=twsrc%5Etfw\">#Tlaxcala<\/a><a href=\"https:\/\/twitter.com\/hashtag\/RankingMitofsky?src=hash&amp;ref_src=twsrc%5Etfw\">#RankingMitofsky<\/a><a href=\"https:\/\/twitter.com\/RoyCampos?ref_src=twsrc%5Etfw\">@RoyCampos<\/a> <a href=\"https:\/\/t.co\/XpwBSqgd0Q\">https:\/\/t.co\/XpwBSqgd0Q<\/a> <a href=\"https:\/\/t.co\/iPPkE90B7J\">pic.twitter.com\/iPPkE90B7J<\/a><\/p>\n<p>\u2014 CONSULTA MITOFSKY (@Mitofsky_group) <a href=\"https:\/\/twitter.com\/Mitofsky_group\/status\/1485671741296824326?ref_src=twsrc%5Etfw\">January 24, 2022<\/a><\/p><\/blockquote>\n<p><script async src=\"https:\/\/platform.twitter.com\/widgets.js\" charset=\"utf-8\"><\/script><\/p>\n<p>&nbsp;<\/p>\n","protected":false},"excerpt":{"rendered":"<p>En diciembre pasado, las y los gobernantes mejor evaluados en los estados fueron los siguientes: HOMBRES 1. Mauricio Vila Yucat\u00e1n 2. Miguel Riquelme Coahuila 3. Carlos Joaqu\u00edn Gonz\u00e1lez Quintana Roo 4. Mauricio Kuri Quer\u00e9taro 5. Rub\u00e9n Rocha Sinaloa &nbsp; MUJERES 1. Marina \u00c1vila Baja California 2. Claudia Sheinbaum CDMX 3. Lorena Cuellar Tlaxcala 4. Evelyn [&hellip;]<\/p>\n","protected":false},"author":5,"featured_media":2158,"comment_status":"open","ping_status":"open","sticky":false,"template":"","format":"standard","meta":{"om_disable_all_campaigns":false,"_monsterinsights_skip_tracking":false,"_monsterinsights_sitenote_active":false,"_monsterinsights_sitenote_note":"","_monsterinsights_sitenote_category":0,"footnotes":""},"categories":[176],"tags":[],"class_list":["post-2152","post","type-post","status-publish","format-standard","has-post-thumbnail","hentry","category-nacional"],"amp_enabled":true,"_links":{"self":[{"href":"https:\/\/lahora.mx\/index.php\/wp-json\/wp\/v2\/posts\/2152","targetHints":{"allow":["GET"]}}],"collection":[{"href":"https:\/\/lahora.mx\/index.php\/wp-json\/wp\/v2\/posts"}],"about":[{"href":"https:\/\/lahora.mx\/index.php\/wp-json\/wp\/v2\/types\/post"}],"author":[{"embeddable":true,"href":"https:\/\/lahora.mx\/index.php\/wp-json\/wp\/v2\/users\/5"}],"replies":[{"embeddable":true,"href":"https:\/\/lahora.mx\/index.php\/wp-json\/wp\/v2\/comments?post=2152"}],"version-history":[{"count":3,"href":"https:\/\/lahora.mx\/index.php\/wp-json\/wp\/v2\/posts\/2152\/revisions"}],"predecessor-version":[{"id":5587,"href":"https:\/\/lahora.mx\/index.php\/wp-json\/wp\/v2\/posts\/2152\/revisions\/5587"}],"wp:featuredmedia":[{"embeddable":true,"href":"https:\/\/lahora.mx\/index.php\/wp-json\/wp\/v2\/media\/2158"}],"wp:attachment":[{"href":"https:\/\/lahora.mx\/index.php\/wp-json\/wp\/v2\/media?parent=2152"}],"wp:term":[{"taxonomy":"category","embeddable":true,"href":"https:\/\/lahora.mx\/index.php\/wp-json\/wp\/v2\/categories?post=2152"},{"taxonomy":"post_tag","embeddable":true,"href":"https:\/\/lahora.mx\/index.php\/wp-json\/wp\/v2\/tags?post=2152"}],"curies":[{"name":"wp","href":"https:\/\/api.w.org\/{rel}","templated":true}]}}