{"id":2148,"date":"2022-01-25T00:48:30","date_gmt":"2022-01-25T00:48:30","guid":{"rendered":"http:\/\/lahora.mx\/?p=2148"},"modified":"2022-01-25T00:51:35","modified_gmt":"2022-01-25T00:51:35","slug":"cae-el-encargado-del-penal-de-san-miguel","status":"publish","type":"post","link":"https:\/\/lahora.mx\/index.php\/2022\/01\/25\/cae-el-encargado-del-penal-de-san-miguel\/","title":{"rendered":"Cae el encargado del penal de San Miguel"},"content":{"rendered":"<p>Tras una\u00a0fuerte presi\u00f3n social y medi\u00e1tica\u00a0por el caso del\u00a0beb\u00e9 encontrado muerto al interior de un contenedor de basura, este d\u00eda\u00a0<strong>fue destituido Jaime Mendoza Bon<\/strong>\u00a0como encargado de despacho\u00a0del Centro de Reinserci\u00f3n Social (Cereso) de San Miguel.<\/p>\n<p><strong>El beb\u00e9 de\u00a03 meses de edad\u00a0que fue\u00a0exhumado del pante\u00f3n de San Nicol\u00e1s Tolentino<\/strong>, en la alcald\u00eda\u00a0Iztapalapa, de la Ciudad de M\u00e9xico, apareci\u00f3 el\u00a010 de enero de 2021\u00a0en un\u00a0contenedor de basura del penal de Puebla\u00a0y fue apenas el pasado 12 de enero cuando la Fiscal\u00eda General del Estado inform\u00f3 sobre el caso.<\/p>\n<p>Miguel Barbosa Huerta\u00a0se pronunci\u00f3 al respecto una semana despu\u00e9s del hallazgo y reconoci\u00f3 que\u00a0saldr\u00eda a la luz \u201cmucha porquer\u00eda\u201d\u00a0porque al interior de los Ceresos se planean y cometen muchos delitos. Tambi\u00e9n acept\u00f3 que los directivos terminan corrompidos.<\/p>\n<p>Fuentes confirmaron que este lunes 24 de enero\u00a0Jaime Mendoza Bon fue suspendido como director de San Miguel.\u00a0Este hombre no cumpli\u00f3 ni un a\u00f1o frente a la direcci\u00f3n del penal, pues\u00a0lleg\u00f3 a mediados de 2021\u00a0luego de que\u00a0<strong>Jorge G\u00f3mez Torres<\/strong>, su antecesor, fue\u00a0detenido por la fuga de un interno\u00a0conocido como \u201cEl Pirul\u00ed\u201d.<\/p>\n<p>&nbsp;<\/p>\n","protected":false},"excerpt":{"rendered":"<p>Tras una\u00a0fuerte presi\u00f3n social y medi\u00e1tica\u00a0por el caso del\u00a0beb\u00e9 encontrado muerto al interior de un contenedor de basura, este d\u00eda\u00a0fue destituido Jaime Mendoza Bon\u00a0como encargado de despacho\u00a0del Centro de Reinserci\u00f3n Social (Cereso) de San Miguel. El beb\u00e9 de\u00a03 meses de edad\u00a0que fue\u00a0exhumado del pante\u00f3n de San Nicol\u00e1s Tolentino, en la alcald\u00eda\u00a0Iztapalapa, de la Ciudad de [&hellip;]<\/p>\n","protected":false},"author":5,"featured_media":2151,"comment_status":"open","ping_status":"open","sticky":false,"template":"","format":"standard","meta":{"om_disable_all_campaigns":false,"_monsterinsights_skip_tracking":false,"_monsterinsights_sitenote_active":false,"_monsterinsights_sitenote_note":"","_monsterinsights_sitenote_category":0,"footnotes":""},"categories":[175],"tags":[223],"class_list":["post-2148","post","type-post","status-publish","format-standard","has-post-thumbnail","hentry","category-local","tag-puebla"],"amp_enabled":true,"_links":{"self":[{"href":"https:\/\/lahora.mx\/index.php\/wp-json\/wp\/v2\/posts\/2148","targetHints":{"allow":["GET"]}}],"collection":[{"href":"https:\/\/lahora.mx\/index.php\/wp-json\/wp\/v2\/posts"}],"about":[{"href":"https:\/\/lahora.mx\/index.php\/wp-json\/wp\/v2\/types\/post"}],"author":[{"embeddable":true,"href":"https:\/\/lahora.mx\/index.php\/wp-json\/wp\/v2\/users\/5"}],"replies":[{"embeddable":true,"href":"https:\/\/lahora.mx\/index.php\/wp-json\/wp\/v2\/comments?post=2148"}],"version-history":[{"count":1,"href":"https:\/\/lahora.mx\/index.php\/wp-json\/wp\/v2\/posts\/2148\/revisions"}],"predecessor-version":[{"id":2150,"href":"https:\/\/lahora.mx\/index.php\/wp-json\/wp\/v2\/posts\/2148\/revisions\/2150"}],"wp:featuredmedia":[{"embeddable":true,"href":"https:\/\/lahora.mx\/index.php\/wp-json\/wp\/v2\/media\/2151"}],"wp:attachment":[{"href":"https:\/\/lahora.mx\/index.php\/wp-json\/wp\/v2\/media?parent=2148"}],"wp:term":[{"taxonomy":"category","embeddable":true,"href":"https:\/\/lahora.mx\/index.php\/wp-json\/wp\/v2\/categories?post=2148"},{"taxonomy":"post_tag","embeddable":true,"href":"https:\/\/lahora.mx\/index.php\/wp-json\/wp\/v2\/tags?post=2148"}],"curies":[{"name":"wp","href":"https:\/\/api.w.org\/{rel}","templated":true}]}}