{"id":21445,"date":"2023-02-13T23:50:41","date_gmt":"2023-02-13T23:50:41","guid":{"rendered":"http:\/\/lahora.mx\/?p=21445"},"modified":"2023-02-13T23:50:41","modified_gmt":"2023-02-13T23:50:41","slug":"en-tlaxcala-hay-libertad-de-expresion","status":"publish","type":"post","link":"https:\/\/lahora.mx\/index.php\/2023\/02\/13\/en-tlaxcala-hay-libertad-de-expresion\/","title":{"rendered":"En Tlaxcala hay libertad de expresi\u00f3n"},"content":{"rendered":"\n<p>En el estado de Tlaxcala hay neutralidad pol\u00edtica y la libertad de expresi\u00f3n a las nombrados \u201ccorcholatas presidenciales\u201d del Movimiento Regeneraci\u00f3n Nacional (MORENA), as\u00ed como a otro actor de cualquier partido pol\u00edtico, rumbo a los procesos electivos que se avecinan, inform\u00f3 el titular de la Secretar\u00eda de Gobierno, Sergio Gonz\u00e1lez Hern\u00e1ndez.<\/p>\n\n\n\n<p>Adem\u00e1s precis\u00f3 que todos los aspirantes solo tienen las limitantes de la Ley para hacer la labor de promoci\u00f3n que sea permitida, pero el Ejecutivo Local no trasgredir\u00e1 la libertad de nadie.<\/p>\n\n\n\n<p>Eso s\u00ed, ataj\u00f3 que las actividades que han tenido en Tlaxcala la jefa de Gobierno, Claudia Sheinbaum, y el secretario de Gobernaci\u00f3n, Ad\u00e1n Augusto L\u00f3pez, han sido en calidad de conferencista de experiencia exitosas, la primera, y de visita oficial de trabajo, el segundo, no precisamente a hacerse propaganda personal.<\/p>\n\n\n\n<p>E, independientemente de que vengan otras \u201ccorcholatas\u201d como el canciller Marcelo Ebrard, o los legisladores federales Ricardo Monreal y Gerardo Fern\u00e1ndez, ya hay grupos de la sociedad civil tlaxcalteca que se est\u00e1 organizando para mostrar sus simpat\u00edas a cualquier de ellos.<\/p>\n\n\n\n<p>\u201cEst\u00e1n en toda la libertad de actuar, siempre y cuando no se trastoquen los aspectos legales y de parte del Gobierno del Estado, se garantiza de que en Tlaxcala se tiene la libertad de que pueden realizar actos y de cualquier partido. Como gobierno morenista seremos totalmente neutrales, el Gobierno no es la sociedad, es parte de la misma y entonces la ciudadan\u00eda va a decidir. El Gobierno conservar\u00e1 la neutralidad pues es necesaria y as\u00ed lo demostraremos en el proceso que viene\u201d.<\/p>\n","protected":false},"excerpt":{"rendered":"<p>En el estado de Tlaxcala hay neutralidad pol\u00edtica y la libertad de expresi\u00f3n a las nombrados \u201ccorcholatas presidenciales\u201d del Movimiento Regeneraci\u00f3n Nacional (MORENA), as\u00ed como a otro actor de cualquier partido pol\u00edtico, rumbo a los procesos electivos que se avecinan, inform\u00f3 el titular de la Secretar\u00eda de Gobierno, Sergio Gonz\u00e1lez Hern\u00e1ndez. Adem\u00e1s precis\u00f3 que todos [&hellip;]<\/p>\n","protected":false},"author":4,"featured_media":21446,"comment_status":"open","ping_status":"open","sticky":false,"template":"","format":"standard","meta":{"om_disable_all_campaigns":false,"_monsterinsights_skip_tracking":false,"_monsterinsights_sitenote_active":false,"_monsterinsights_sitenote_note":"","_monsterinsights_sitenote_category":0,"footnotes":""},"categories":[175],"tags":[223,210],"class_list":["post-21445","post","type-post","status-publish","format-standard","has-post-thumbnail","hentry","category-local","tag-puebla","tag-tlaxcala"],"amp_enabled":true,"_links":{"self":[{"href":"https:\/\/lahora.mx\/index.php\/wp-json\/wp\/v2\/posts\/21445","targetHints":{"allow":["GET"]}}],"collection":[{"href":"https:\/\/lahora.mx\/index.php\/wp-json\/wp\/v2\/posts"}],"about":[{"href":"https:\/\/lahora.mx\/index.php\/wp-json\/wp\/v2\/types\/post"}],"author":[{"embeddable":true,"href":"https:\/\/lahora.mx\/index.php\/wp-json\/wp\/v2\/users\/4"}],"replies":[{"embeddable":true,"href":"https:\/\/lahora.mx\/index.php\/wp-json\/wp\/v2\/comments?post=21445"}],"version-history":[{"count":1,"href":"https:\/\/lahora.mx\/index.php\/wp-json\/wp\/v2\/posts\/21445\/revisions"}],"predecessor-version":[{"id":21447,"href":"https:\/\/lahora.mx\/index.php\/wp-json\/wp\/v2\/posts\/21445\/revisions\/21447"}],"wp:featuredmedia":[{"embeddable":true,"href":"https:\/\/lahora.mx\/index.php\/wp-json\/wp\/v2\/media\/21446"}],"wp:attachment":[{"href":"https:\/\/lahora.mx\/index.php\/wp-json\/wp\/v2\/media?parent=21445"}],"wp:term":[{"taxonomy":"category","embeddable":true,"href":"https:\/\/lahora.mx\/index.php\/wp-json\/wp\/v2\/categories?post=21445"},{"taxonomy":"post_tag","embeddable":true,"href":"https:\/\/lahora.mx\/index.php\/wp-json\/wp\/v2\/tags?post=21445"}],"curies":[{"name":"wp","href":"https:\/\/api.w.org\/{rel}","templated":true}]}}