{"id":2144,"date":"2022-01-25T00:33:21","date_gmt":"2022-01-25T00:33:21","guid":{"rendered":"http:\/\/lahora.mx\/?p=2144"},"modified":"2022-01-25T00:33:21","modified_gmt":"2022-01-25T00:33:21","slug":"la-principal-causa-de-muerte-para-jovenes-de-15-a-34-anos-en-mexico-es-la-violencia","status":"publish","type":"post","link":"https:\/\/lahora.mx\/index.php\/2022\/01\/25\/la-principal-causa-de-muerte-para-jovenes-de-15-a-34-anos-en-mexico-es-la-violencia\/","title":{"rendered":"La principal causa de muerte para j\u00f3venes de 15 a 34 a\u00f1os en M\u00e9xico es la violencia"},"content":{"rendered":"<p>En M\u00e9xico 8,448\u00a0<strong>j\u00f3venes<\/strong>\u00a0de entre <strong>15 y 34 a\u00f1os<\/strong> fueron asesinados entre\u00a0enero y junio del 2021. Esto represent\u00f3 cerca de la mitad del total de\u00a0homicidios\u00a0registrados y convirti\u00f3 a las agresiones y la violencia en la primer causa de muerte para este grupo etario.<\/p>\n<p>De acuerdo con las cifras preliminares del\u00a0<strong>Inegi<\/strong>\u00a0(Instituto Nacional de Estad\u00edstica y Geograf\u00eda), en total se registraron 16,972 homicidios durante esta primera mitad del 2021.<\/p>\n<p><img fetchpriority=\"high\" decoding=\"async\" class=\"alignnone size-medium wp-image-2146\" src=\"https:\/\/lahora.mx\/wp-content\/uploads\/2022\/01\/crimen-300x286.png\" alt=\"\" width=\"300\" height=\"286\" srcset=\"https:\/\/lahora.mx\/wp-content\/uploads\/2022\/01\/crimen-300x286.png 300w, https:\/\/lahora.mx\/wp-content\/uploads\/2022\/01\/crimen.png 557w\" sizes=\"(max-width: 300px) 100vw, 300px\" \/><\/p>\n<p>Zacatecas\u00a0es la entidad con mayor prevalencia de <strong>defunciones por homicidio<\/strong>.\u00a0Es el \u00fanico estado en el que la violencia est\u00e1 entre las primeras cuatro causas de muerte para la poblaci\u00f3n total. S\u00f3lo por debajo de las enfermedades del coraz\u00f3n, Covid-19 y diabetes.<\/p>\n<p>Esto se alinea con la presencia de efrentamientos relacionados con el crimen organizado el\u00a0<strong>narcotr\u00e1fico<\/strong>; que adem\u00e1s han incrementado de una manera importante la percepci\u00f3n de inseguridad de sus habitantes. El 96.8% de quienes residen en Fresnillo.<\/p>\n<p>En materia de g\u00e9nero, se puede observar que los homicidios en la poblaci\u00f3n masculina son significativamente mayores en t\u00e9rminos absolutos y se relacionan con ajustes de cuentas, agresiones directas o enfrentamientos violentos. Mientras que para las\u00a0mujeres\u00a0la mayor\u00eda de estos homicidios est\u00e1n relacionados con razones de g\u00e9nero.<\/p>\n","protected":false},"excerpt":{"rendered":"<p>En M\u00e9xico 8,448\u00a0j\u00f3venes\u00a0de entre 15 y 34 a\u00f1os fueron asesinados entre\u00a0enero y junio del 2021. Esto represent\u00f3 cerca de la mitad del total de\u00a0homicidios\u00a0registrados y convirti\u00f3 a las agresiones y la violencia en la primer causa de muerte para este grupo etario. De acuerdo con las cifras preliminares del\u00a0Inegi\u00a0(Instituto Nacional de Estad\u00edstica y Geograf\u00eda), en [&hellip;]<\/p>\n","protected":false},"author":5,"featured_media":2145,"comment_status":"open","ping_status":"open","sticky":false,"template":"","format":"standard","meta":{"om_disable_all_campaigns":false,"_monsterinsights_skip_tracking":false,"_monsterinsights_sitenote_active":false,"_monsterinsights_sitenote_note":"","_monsterinsights_sitenote_category":0,"footnotes":""},"categories":[176],"tags":[],"class_list":["post-2144","post","type-post","status-publish","format-standard","has-post-thumbnail","hentry","category-nacional"],"amp_enabled":true,"_links":{"self":[{"href":"https:\/\/lahora.mx\/index.php\/wp-json\/wp\/v2\/posts\/2144","targetHints":{"allow":["GET"]}}],"collection":[{"href":"https:\/\/lahora.mx\/index.php\/wp-json\/wp\/v2\/posts"}],"about":[{"href":"https:\/\/lahora.mx\/index.php\/wp-json\/wp\/v2\/types\/post"}],"author":[{"embeddable":true,"href":"https:\/\/lahora.mx\/index.php\/wp-json\/wp\/v2\/users\/5"}],"replies":[{"embeddable":true,"href":"https:\/\/lahora.mx\/index.php\/wp-json\/wp\/v2\/comments?post=2144"}],"version-history":[{"count":1,"href":"https:\/\/lahora.mx\/index.php\/wp-json\/wp\/v2\/posts\/2144\/revisions"}],"predecessor-version":[{"id":2147,"href":"https:\/\/lahora.mx\/index.php\/wp-json\/wp\/v2\/posts\/2144\/revisions\/2147"}],"wp:featuredmedia":[{"embeddable":true,"href":"https:\/\/lahora.mx\/index.php\/wp-json\/wp\/v2\/media\/2145"}],"wp:attachment":[{"href":"https:\/\/lahora.mx\/index.php\/wp-json\/wp\/v2\/media?parent=2144"}],"wp:term":[{"taxonomy":"category","embeddable":true,"href":"https:\/\/lahora.mx\/index.php\/wp-json\/wp\/v2\/categories?post=2144"},{"taxonomy":"post_tag","embeddable":true,"href":"https:\/\/lahora.mx\/index.php\/wp-json\/wp\/v2\/tags?post=2144"}],"curies":[{"name":"wp","href":"https:\/\/api.w.org\/{rel}","templated":true}]}}